{"id":407141,"date":"2016-06-29T08:47:32","date_gmt":"2016-06-29T13:47:32","guid":{"rendered":"http:\/\/www.futboltotal.com.mx\/?p=407141"},"modified":"2016-06-29T08:47:32","modified_gmt":"2016-06-29T13:47:32","slug":"cristian-erbes-nuevo-jugador-del-veracruz","status":"publish","type":"post","link":"http:\/\/desarrollo.grupomedios.com\/futbol\/futbol-mexicano\/cristian-erbes-nuevo-jugador-del-veracruz\/2016\/06","title":{"rendered":"Ex jugador de Boca, nuevo refuerzo del Veracruz"},"content":{"rendered":"<p>El mediocampista argentino, <strong>Cristian Erbes<\/strong>, se convirti\u00f3 en el nuevo refuerzo del <strong>Veracruz<\/strong> para el Apertura 2016, as\u00ed lo anunci\u00f3 a trav\u00e9s de su cuenta de Twitter, donde expres\u00f3 su felicidad.<\/p>\n<blockquote class=\"twitter-tweet\" data-lang=\"es\">\n<p dir=\"ltr\" lang=\"es\">Feliz por este nuevo desaf\u00edo con <a href=\"https:\/\/twitter.com\/ClubTiburones\">@ClubTiburones<\/a><br \/>\nGracias <a href=\"https:\/\/twitter.com\/fidel_kuri\">@fidel_kuri<\/a> por la confianza!! <a href=\"https:\/\/t.co\/gcxH5iF06q\">pic.twitter.com\/gcxH5iF06q<\/a><\/p>\n<p>\u2014 Cristian Erbes (@pichyerbes) <a href=\"https:\/\/twitter.com\/pichyerbes\/status\/747954811153289216\">29 de junio de 2016<\/a><\/p><\/blockquote>\n<p><script src=\"\/\/platform.twitter.com\/widgets.js\" async=\"\" charset=\"utf-8\"><\/script><\/p>\n<p><strong>Erbes<\/strong> llega proveniente de Boca Juniors, equipo donde debut\u00f3 en 2009 y permaneci\u00f3 hasta el pasado torneo, donde se qued\u00f3 en las Semifinales de la Copa Libertadores con los Xeneizes y se qued\u00f3 en la d\u00e9cima posici\u00f3n de la Zona 2 del campeonato argentino.<\/p>\n<p style=\"text-align: center;\"><span style=\"color: #3366ff;\">LEER M\u00c1S:\u00a0<a style=\"color: #3366ff;\" href=\"http:\/\/www.futboltotal.com.mx\/2016\/06\/talavera-sera-portero-del-tri-en-juegos-olimpicos\/\">Talavera, primer refuerzo Ol\u00edmpico<\/a><\/span><\/p>\n<p>El mediocampista de 26 a\u00f1os se une al Veracruz como el s\u00e9ptimo refuerzo del <strong>Veracruz<\/strong> tras las incorporaciones de Pedro Gallese, Adri\u00e1n Luna, Mat\u00edas Cahais, Juan David P\u00e9rez, Francisco Rivera, Wenderley de Jes\u00fas. Lucas Rodr\u00edguez<\/p>\n","protected":false},"excerpt":{"rendered":"<p>Los Esqualos sumaron a su s\u00e9ptimo refuerzo<\/p>\n","protected":false},"author":20,"featured_media":407142,"comment_status":"closed","ping_status":"closed","sticky":false,"template":"","format":"standard","meta":[],"categories":[2198,3845,5950],"tags":[64,6049],"_links":{"self":[{"href":"http:\/\/desarrollo.grupomedios.com\/futbol\/wp-json\/wp\/v2\/posts\/407141"}],"collection":[{"href":"http:\/\/desarrollo.grupomedios.com\/futbol\/wp-json\/wp\/v2\/posts"}],"about":[{"href":"http:\/\/desarrollo.grupomedios.com\/futbol\/wp-json\/wp\/v2\/types\/post"}],"author":[{"embeddable":true,"href":"http:\/\/desarrollo.grupomedios.com\/futbol\/wp-json\/wp\/v2\/users\/20"}],"replies":[{"embeddable":true,"href":"http:\/\/desarrollo.grupomedios.com\/futbol\/wp-json\/wp\/v2\/comments?post=407141"}],"version-history":[{"count":0,"href":"http:\/\/desarrollo.grupomedios.com\/futbol\/wp-json\/wp\/v2\/posts\/407141\/revisions"}],"wp:featuredmedia":[{"embeddable":true,"href":"http:\/\/desarrollo.grupomedios.com\/futbol\/wp-json\/wp\/v2\/media\/407142"}],"wp:attachment":[{"href":"http:\/\/desarrollo.grupomedios.com\/futbol\/wp-json\/wp\/v2\/media?parent=407141"}],"wp:term":[{"taxonomy":"category","embeddable":true,"href":"http:\/\/desarrollo.grupomedios.com\/futbol\/wp-json\/wp\/v2\/categories?post=407141"},{"taxonomy":"post_tag","embeddable":true,"href":"http:\/\/desarrollo.grupomedios.com\/futbol\/wp-json\/wp\/v2\/tags?post=407141"}],"curies":[{"name":"wp","href":"https:\/\/api.w.org\/{rel}","templated":true}]}}