{"id":407150,"date":"2016-06-29T10:49:07","date_gmt":"2016-06-29T15:49:07","guid":{"rendered":"http:\/\/www.futboltotal.com.mx\/?p=407150"},"modified":"2016-06-29T19:35:58","modified_gmt":"2016-06-30T00:35:58","slug":"los-trofeos-bonitos-del-futbol","status":"publish","type":"post","link":"http:\/\/desarrollo.grupomedios.com\/futbol\/futbol-internacional\/los-trofeos-bonitos-del-futbol\/2016\/06","title":{"rendered":"\u00bfCu\u00e1l es el trofeo m\u00e1s bonito del futbol?"},"content":{"rendered":"<p>Este verano estuvo lleno de futbol gracias la Copa Am\u00e9rica en donde Chile gan\u00f3 el trofeo del\u00a0centenario. Del otro lado del mundo, Europa se paraliz\u00f3 por la edici\u00f3n 2016 de la Euro \u00a0disputada en Francia, donde cada uno de los equipos restantes busca levantar el tan ansiado trofeo.<\/p>\n<p>El ganar una copa con tu Selecci\u00f3n o club, es de los sue\u00f1os m\u00e1s grandes de los futbolistas y cada una representa algo significativo. Por ello, en <strong>Futbol Total<\/strong> nos preguntamos: \u00bfcu\u00e1les son los trofeos m\u00e1s bonitos del <strong>futbol<\/strong>?<\/p>\n<p style=\"text-align: center;\"><span style=\"color: #3366ff;\">LEER M\u00c1S:\u00a0<a style=\"color: #3366ff;\" href=\"http:\/\/www.futboltotal.com.mx\/2016\/06\/figuras-ganaron-titulos-seleccion\/\">Figuras que no ganaron t\u00edtulos con su Selecci\u00f3n<\/a><\/span><\/p>\n<p><script src=\"\/\/cdn.playbuzz.com\/widget\/feed.js\" type=\"text\/javascript\"><\/script><\/p>\n<div class=\"pb_feed\" data-embed-by=\"d43f3879-83ed-40bc-99d7-fde80605466f\" data-game=\"\/futboltotal\/los-trofeos-m-s-bonitos-del-futbol\" data-recommend=\"false\" data-game-info=\"false\"><\/div>\n","protected":false},"excerpt":{"rendered":"<p>Adem\u00e1s de importantes, tambi\u00e9n hay bellos trofeos en el futbol<\/p>\n","protected":false},"author":20,"featured_media":407158,"comment_status":"closed","ping_status":"closed","sticky":false,"template":"","format":"standard","meta":[],"categories":[3839,5951],"tags":[2130,2236,7230],"_links":{"self":[{"href":"http:\/\/desarrollo.grupomedios.com\/futbol\/wp-json\/wp\/v2\/posts\/407150"}],"collection":[{"href":"http:\/\/desarrollo.grupomedios.com\/futbol\/wp-json\/wp\/v2\/posts"}],"about":[{"href":"http:\/\/desarrollo.grupomedios.com\/futbol\/wp-json\/wp\/v2\/types\/post"}],"author":[{"embeddable":true,"href":"http:\/\/desarrollo.grupomedios.com\/futbol\/wp-json\/wp\/v2\/users\/20"}],"replies":[{"embeddable":true,"href":"http:\/\/desarrollo.grupomedios.com\/futbol\/wp-json\/wp\/v2\/comments?post=407150"}],"version-history":[{"count":0,"href":"http:\/\/desarrollo.grupomedios.com\/futbol\/wp-json\/wp\/v2\/posts\/407150\/revisions"}],"wp:featuredmedia":[{"embeddable":true,"href":"http:\/\/desarrollo.grupomedios.com\/futbol\/wp-json\/wp\/v2\/media\/407158"}],"wp:attachment":[{"href":"http:\/\/desarrollo.grupomedios.com\/futbol\/wp-json\/wp\/v2\/media?parent=407150"}],"wp:term":[{"taxonomy":"category","embeddable":true,"href":"http:\/\/desarrollo.grupomedios.com\/futbol\/wp-json\/wp\/v2\/categories?post=407150"},{"taxonomy":"post_tag","embeddable":true,"href":"http:\/\/desarrollo.grupomedios.com\/futbol\/wp-json\/wp\/v2\/tags?post=407150"}],"curies":[{"name":"wp","href":"https:\/\/api.w.org\/{rel}","templated":true}]}}