{"id":407171,"date":"2016-06-29T11:38:32","date_gmt":"2016-06-29T16:38:32","guid":{"rendered":"http:\/\/www.futboltotal.com.mx\/?p=407171"},"modified":"2016-06-29T11:38:32","modified_gmt":"2016-06-29T16:38:32","slug":"arda-turan-maldice-a-los-causantes-del-atentado-turco","status":"publish","type":"post","link":"http:\/\/desarrollo.grupomedios.com\/futbol\/futbol-internacional\/arda-turan-maldice-a-los-causantes-del-atentado-turco\/2016\/06","title":{"rendered":"Arda Turan maldice a los causantes del atentado turco"},"content":{"rendered":"<p>Despu\u00e9s del a<strong>tentado terrorista en el aeropuerto Atat\u00fcrk de Estambul<\/strong> que dej\u00f3 al menos 41 muertos, el jugador del Barcelona y capit\u00e1n de la Selecci\u00f3n Turca, <strong>Arda Turan<\/strong>, ha mandado sus condolencias y se ha pronunciado en contra al maldecir a los causantes de los atentados.<\/p>\n<p>&#8220;Nos han vuelto a arrancar el coraz\u00f3n&#8221;, public\u00f3 en su cuenta oficial de twitter <strong>Arda Turan<\/strong>.<\/p>\n<blockquote class=\"twitter-tweet\" data-lang=\"es\">\n<p dir=\"ltr\" lang=\"tr\">Yine ci\u011ferlerimiz yand\u0131. Ba\u015f\u0131m\u0131z sa\u011folsun T\u00fcrkiyem. Bu ac\u0131lara sebep olanlar kahrolsun! <a href=\"https:\/\/t.co\/IPHeHV4up3\">pic.twitter.com\/IPHeHV4up3<\/a><\/p>\n<p>\u2014 Arda Turan (@ArdaTuran) <a href=\"https:\/\/twitter.com\/ArdaTuran\/status\/747908003815362561\">28 de junio de 2016<\/a><\/p><\/blockquote>\n<p><script src=\"\/\/platform.twitter.com\/widgets.js\" async=\"\" charset=\"utf-8\"><\/script><\/p>\n<p>&#8220;Mis condolencias para <strong>Turqu\u00eda<\/strong>. Malditos sean quienes son la causa de este dolor&#8221;, a\u00f1ade el futbolista del Barcelona, sobre una imagen que simboliza el aeropuerto de la ciudad turca y un mensaje en ingl\u00e9s que significa &#8216;reza por Estambul&#8217;.<\/p>\n","protected":false},"excerpt":{"rendered":"<p>El jugador del Barcelona mand\u00f3 condolencias a sus compatriotas<\/p>\n","protected":false},"author":20,"featured_media":407175,"comment_status":"closed","ping_status":"closed","sticky":false,"template":"","format":"standard","meta":[],"categories":[3839,5951],"tags":[6055,7231,779],"_links":{"self":[{"href":"http:\/\/desarrollo.grupomedios.com\/futbol\/wp-json\/wp\/v2\/posts\/407171"}],"collection":[{"href":"http:\/\/desarrollo.grupomedios.com\/futbol\/wp-json\/wp\/v2\/posts"}],"about":[{"href":"http:\/\/desarrollo.grupomedios.com\/futbol\/wp-json\/wp\/v2\/types\/post"}],"author":[{"embeddable":true,"href":"http:\/\/desarrollo.grupomedios.com\/futbol\/wp-json\/wp\/v2\/users\/20"}],"replies":[{"embeddable":true,"href":"http:\/\/desarrollo.grupomedios.com\/futbol\/wp-json\/wp\/v2\/comments?post=407171"}],"version-history":[{"count":0,"href":"http:\/\/desarrollo.grupomedios.com\/futbol\/wp-json\/wp\/v2\/posts\/407171\/revisions"}],"wp:featuredmedia":[{"embeddable":true,"href":"http:\/\/desarrollo.grupomedios.com\/futbol\/wp-json\/wp\/v2\/media\/407175"}],"wp:attachment":[{"href":"http:\/\/desarrollo.grupomedios.com\/futbol\/wp-json\/wp\/v2\/media?parent=407171"}],"wp:term":[{"taxonomy":"category","embeddable":true,"href":"http:\/\/desarrollo.grupomedios.com\/futbol\/wp-json\/wp\/v2\/categories?post=407171"},{"taxonomy":"post_tag","embeddable":true,"href":"http:\/\/desarrollo.grupomedios.com\/futbol\/wp-json\/wp\/v2\/tags?post=407171"}],"curies":[{"name":"wp","href":"https:\/\/api.w.org\/{rel}","templated":true}]}}