{"id":407182,"date":"2016-06-29T12:37:44","date_gmt":"2016-06-29T17:37:44","guid":{"rendered":"http:\/\/www.futboltotal.com.mx\/?p=407182"},"modified":"2016-06-29T14:02:20","modified_gmt":"2016-06-29T19:02:20","slug":"aficionados-irlandeses-seran-condecorados-por-la-alcaldia-francesa","status":"publish","type":"post","link":"http:\/\/desarrollo.grupomedios.com\/futbol\/futbol-internacional\/aficionados-irlandeses-seran-condecorados-por-la-alcaldia-francesa\/2016\/06","title":{"rendered":"No ganaran, pero su afici\u00f3n es lo mejor de la Euro 2016"},"content":{"rendered":"<p>29 jun (EFE).- La alcaldesa de <strong>Par\u00eds<\/strong>, Anne Hidalgo, anunci\u00f3 hoy que conceder\u00e1 la medalla de la Ciudad de Par\u00eds a los hinchas de las selecciones de Irlanda y de Irlanda del Norte durante la <strong>Eurocopa<\/strong> por su &#8220;actitud ejemplar, que ha contribuido a hacer de eta competici\u00f3n una gran fiesta popular&#8221;.<\/p>\n<p>&#8220;Los seguidores tienen tambi\u00e9n un papel esencial en el \u00e9xito de este formidable evento deportivo&#8221; y por ello &#8220;se distinguir\u00e1 a los aficionados de <strong>Irlanda<\/strong> e <strong>Irlanda del Norte<\/strong> por su actitud ejemplar, juego limpio, entusiasmo y buen humor&#8221;, se\u00f1al\u00f3 la alcaldesa en un comunicado.<\/p>\n<p>Seg\u00fan Hidalgo, los hinchas de esos equipos &#8220;han contribuido a que en Par\u00eds reine un ambiente festivo desde hace quince d\u00edas&#8221; y &#8220;son un ejemplo para los aficionados del mundo entero&#8221;.<\/p>\n<p>&#8220;Como atestiguan los numerosos v\u00eddeos que circulan en las redes sociales, los parisinos han apreciado particularmente conocerles, tratarles y compartir con ellos esos momentos de alegr\u00eda que son esenciales en un gran evento deportiva&#8221;, destac\u00f3 el adjunto a la alcald\u00eda en asuntos deportivos, Jean-Fran\u00e7ois Martins.<\/p>\n<p style=\"text-align: center;\"><span style=\"color: #3366ff;\">LEER M\u00c1S:\u00a0<a style=\"color: #3366ff;\" href=\"http:\/\/www.futboltotal.com.mx\/2016\/06\/10-tracks-juegan-ultima-eurocopa\/\">Fue o ser\u00e1 su \u00faltima Eurocopa\u2026<\/a><\/span><\/p>\n<p>La condecoraci\u00f3n con la medalla honor\u00edfica que recibir\u00e1n los aficionados irlandeses y norirlandeses tendr\u00e1 efecto oficial el pr\u00f3ximo lunes, cuando la alcaldesa de Par\u00eds dirija una carta al presidente de Irlanda y al primer ministro de<strong> Irlanda del Norte<\/strong>.<\/p>\n<p>Ser\u00e1 entonces cu\u00e1ndo se fije el d\u00eda en el que se celebrar\u00e1 la ceremonia de homenaje, en la que participar\u00e1n representantes de las asociaciones de aficionados de ambos pa\u00edses.<\/p>\n<p>El secretario general de la UEFA, Theodore Theodoridis, anunci\u00f3 ayer la intenci\u00f3n de esa instituci\u00f3n de buscar una f\u00f3rmula para recompensar a las mejores hinchadas.<\/p>\n<p>&#8220;Estamos buscando alguna forma para recompensar a las aficiones. Queremos poner en valor las im\u00e1genes positivas del f\u00fatbol&#8221;, declar\u00f3 en un encuentro con la prensa. EFE<\/p>\n","protected":false},"excerpt":{"rendered":"<p>Aficionados irlandeses recibir\u00e1n las llaves de la ciudad por su comportamiento<\/p>\n","protected":false},"author":20,"featured_media":407196,"comment_status":"closed","ping_status":"closed","sticky":false,"template":"","format":"standard","meta":[],"categories":[6995,3839,6999,5951],"tags":[2236,1266],"_links":{"self":[{"href":"http:\/\/desarrollo.grupomedios.com\/futbol\/wp-json\/wp\/v2\/posts\/407182"}],"collection":[{"href":"http:\/\/desarrollo.grupomedios.com\/futbol\/wp-json\/wp\/v2\/posts"}],"about":[{"href":"http:\/\/desarrollo.grupomedios.com\/futbol\/wp-json\/wp\/v2\/types\/post"}],"author":[{"embeddable":true,"href":"http:\/\/desarrollo.grupomedios.com\/futbol\/wp-json\/wp\/v2\/users\/20"}],"replies":[{"embeddable":true,"href":"http:\/\/desarrollo.grupomedios.com\/futbol\/wp-json\/wp\/v2\/comments?post=407182"}],"version-history":[{"count":0,"href":"http:\/\/desarrollo.grupomedios.com\/futbol\/wp-json\/wp\/v2\/posts\/407182\/revisions"}],"wp:featuredmedia":[{"embeddable":true,"href":"http:\/\/desarrollo.grupomedios.com\/futbol\/wp-json\/wp\/v2\/media\/407196"}],"wp:attachment":[{"href":"http:\/\/desarrollo.grupomedios.com\/futbol\/wp-json\/wp\/v2\/media?parent=407182"}],"wp:term":[{"taxonomy":"category","embeddable":true,"href":"http:\/\/desarrollo.grupomedios.com\/futbol\/wp-json\/wp\/v2\/categories?post=407182"},{"taxonomy":"post_tag","embeddable":true,"href":"http:\/\/desarrollo.grupomedios.com\/futbol\/wp-json\/wp\/v2\/tags?post=407182"}],"curies":[{"name":"wp","href":"https:\/\/api.w.org\/{rel}","templated":true}]}}