{"id":407215,"date":"2016-06-29T13:45:04","date_gmt":"2016-06-29T18:45:04","guid":{"rendered":"http:\/\/www.futboltotal.com.mx\/?p=407215"},"modified":"2016-06-29T13:47:04","modified_gmt":"2016-06-29T18:47:04","slug":"tri-olimpico-pierde-amistoso-toluca","status":"publish","type":"post","link":"http:\/\/desarrollo.grupomedios.com\/futbol\/futbol-mexicano\/tri-olimpico-pierde-amistoso-toluca\/2016\/06","title":{"rendered":"Tri ol\u00edmpico sufri\u00f3 su primera derrota en amistoso"},"content":{"rendered":"<p>En un partido amistoso disputado en las instalaciones del <span style=\"color: #ff0000;\"><a style=\"color: #ff0000;\" href=\"http:\/\/futboltotal.com.mx\/equipos\/toluca\/\">Toluca<\/a><\/span>, la <span style=\"color: #ff0000;\"><a style=\"color: #ff0000;\" href=\"http:\/\/www.futboltotal.com.mx\/futbol-mexicano\/seleccion-mexicana\/\">Selecci\u00f3n Mexicana Sub-23<\/a><\/span> cay\u00f3 2-1 ante los <em>Diablos Rojos<\/em>, en lo que signific\u00f3 el \u00faltimo amistoso de tres que disput\u00f3 ante equipos de la Liga MX.<\/p>\n<blockquote class=\"twitter-tweet\" data-lang=\"es\">\n<p dir=\"ltr\" lang=\"es\">Fin del partido<\/p>\n<p>\u00a1Victoria para nuestro equipo ante<a href=\"https:\/\/twitter.com\/miseleccionmx\">@miseleccionmx<\/a>! <a href=\"https:\/\/twitter.com\/TolucaFC\">@TolucaFC<\/a> 2 vs 1 <a href=\"https:\/\/twitter.com\/hashtag\/Sub23?src=hash\">#Sub23<\/a> <a href=\"https:\/\/t.co\/spSwXYq7UD\">pic.twitter.com\/spSwXYq7UD<\/a><\/p>\n<p>\u2014 Toluca FC (@TolucaFC) <a href=\"https:\/\/twitter.com\/TolucaFC\/status\/748214122408349697\">29 de junio de 2016<\/a><\/p><\/blockquote>\n<p><script src=\"\/\/platform.twitter.com\/widgets.js\" async=\"\" charset=\"utf-8\"><\/script><\/p>\n<p>Los goles para el <strong>Toluca<\/strong> fueron obra de Carlos Gerardo Rodr\u00edguez al minuto 17 y del refuerzo brasile\u00f1o Maikon Leite, que aument\u00f3 la ventaja al minuto 54. Por parte del <strong><em>Tri<\/em><\/strong> ol\u00edmpico descont\u00f3 al 76\u00b4con anotaci\u00f3n del delantero Marco Bueno, ex jugador de los choriceros y del Le\u00f3n.<\/p>\n<p><span style=\"color: #3366ff;\">LEER M\u00c1S:\u00a0<a style=\"color: #3366ff;\" href=\"http:\/\/www.futboltotal.com.mx\/2016\/06\/talavera-sera-portero-del-tri-en-juegos-olimpicos\/\">Talavera, primer refuerzo Ol\u00edmpico<\/a><\/span><\/p>\n<p>Durante el partido, Alfredo Talavera, quien ser\u00eda el refuerzo para los Juegos Ol\u00edmpicos, sali\u00f3 lesionado por un golpe que recibi\u00f3 en la rodilla, aunque parece no ser de gravedad.<\/p>\n<p>La <strong>Selecci\u00f3n Mexicana Sub-23<\/strong> cosech\u00f3 su primera derrota en su tercer duelo de preparaci\u00f3n, tras caer por dos tantos a uno ante los <em>Diablos Rojos<\/em> de <strong>Toluca<\/strong>.<\/p>\n<p>Los dirigidos por Ra\u00fal Guti\u00e9rrez disputar\u00e1n otro amistoso ante la Selecci\u00f3n de Nigeria el pr\u00f3ximo s\u00e1bado en Aguascalientes, siendo su primer duelo de preparaci\u00f3n ante un combinado nacional previo a R\u00edo 2016.<\/p>\n<blockquote class=\"twitter-tweet\" data-lang=\"es\"><p>\n<a href=\"https:\/\/twitter.com\/hashtag\/NotiTuit?src=hash\">#NotiTuit<\/a> <a href=\"https:\/\/twitter.com\/izzi_mx\">@izzi_mx<\/a><a href=\"https:\/\/twitter.com\/hashtag\/Sub23?src=hash\">#Sub23<\/a> Jugaremos contra <a href=\"https:\/\/twitter.com\/NGSuperEagles\">@NGSuperEagles<\/a>.<br \/>\n Boletos aqu\u00ed: <a href=\"https:\/\/t.co\/GL7exDveyH\">https:\/\/t.co\/GL7exDveyH<\/a> <a href=\"https:\/\/t.co\/62Vd4uv5pI\">pic.twitter.com\/62Vd4uv5pI<\/a><\/p>\n<p>\u2014 Selecci\u00f3n Nacional (@miseleccionmx) <a href=\"https:\/\/twitter.com\/miseleccionmx\/status\/747985467732164611\">29 de junio de 2016<\/a>\n<\/p><\/blockquote>\n<p><script src=\"\/\/platform.twitter.com\/widgets.js\" async=\"\" charset=\"utf-8\"><\/script><\/p>\n","protected":false},"excerpt":{"rendered":"<p>La Selecci\u00f3n Mexicana cay\u00f3 2-1 con los Diablos Rojos de Toluca<\/p>\n","protected":false},"author":20,"featured_media":407226,"comment_status":"closed","ping_status":"closed","sticky":false,"template":"","format":"standard","meta":[],"categories":[2198,3845,3847,5950],"tags":[5664,5979],"_links":{"self":[{"href":"http:\/\/desarrollo.grupomedios.com\/futbol\/wp-json\/wp\/v2\/posts\/407215"}],"collection":[{"href":"http:\/\/desarrollo.grupomedios.com\/futbol\/wp-json\/wp\/v2\/posts"}],"about":[{"href":"http:\/\/desarrollo.grupomedios.com\/futbol\/wp-json\/wp\/v2\/types\/post"}],"author":[{"embeddable":true,"href":"http:\/\/desarrollo.grupomedios.com\/futbol\/wp-json\/wp\/v2\/users\/20"}],"replies":[{"embeddable":true,"href":"http:\/\/desarrollo.grupomedios.com\/futbol\/wp-json\/wp\/v2\/comments?post=407215"}],"version-history":[{"count":0,"href":"http:\/\/desarrollo.grupomedios.com\/futbol\/wp-json\/wp\/v2\/posts\/407215\/revisions"}],"wp:featuredmedia":[{"embeddable":true,"href":"http:\/\/desarrollo.grupomedios.com\/futbol\/wp-json\/wp\/v2\/media\/407226"}],"wp:attachment":[{"href":"http:\/\/desarrollo.grupomedios.com\/futbol\/wp-json\/wp\/v2\/media?parent=407215"}],"wp:term":[{"taxonomy":"category","embeddable":true,"href":"http:\/\/desarrollo.grupomedios.com\/futbol\/wp-json\/wp\/v2\/categories?post=407215"},{"taxonomy":"post_tag","embeddable":true,"href":"http:\/\/desarrollo.grupomedios.com\/futbol\/wp-json\/wp\/v2\/tags?post=407215"}],"curies":[{"name":"wp","href":"https:\/\/api.w.org\/{rel}","templated":true}]}}