{"id":407232,"date":"2016-06-29T14:02:37","date_gmt":"2016-06-29T19:02:37","guid":{"rendered":"http:\/\/www.futboltotal.com.mx\/?p=407232"},"modified":"2016-06-29T14:16:45","modified_gmt":"2016-06-29T19:16:45","slug":"me-afecto-la-regla-10-8-matias-vuoso","status":"publish","type":"post","link":"http:\/\/desarrollo.grupomedios.com\/futbol\/futbol-mexicano\/me-afecto-la-regla-10-8-matias-vuoso\/2016\/06","title":{"rendered":"La ir\u00f3nica queja de Mat\u00edas Vuoso"},"content":{"rendered":"<p>La <strong>regla 10-8<\/strong>, impuesta por la Liga MX\u00a0y\u00a0que quita el l\u00edmite de no nacidos en M\u00e9xico en un equipo, caus\u00f3 pol\u00e9mica,\u00a0pues se prev\u00e9 que los canteranos tendr\u00e1n menos oportunidades de debutar. Sin embargo, los j\u00f3venes no son los \u00fanicos que se ver\u00e1n o han sido perjudicados, tambi\u00e9n\u00a0los naturalizados,\u00a0as\u00ed lo advirti\u00f3 <strong>Mat\u00edas Vuoso<\/strong>.<\/p>\n<p>\u201c<strong>La regla le afect\u00f3 a los naturalizados<\/strong>\u00a0m\u00e1s que nada, primero ten\u00edan que ser tres a\u00f1os jugando como naturalizados en M\u00e9xico y dos m\u00e1s como extranjero, despu\u00e9s fueron cinco y luego dos, pero para la mayor\u00eda fueron cinco a\u00f1os. Ahora es lo mismo que ser extranjero, para el club es m\u00e1s conveniente tener a un chavo cobrando la mitad de lo que cobra un naturalizado, es mucho m\u00e1s econ\u00f3mico\u201d, explic\u00f3 el <em>Toro<\/em>\u00a0<strong>Vuoso<\/strong>.<\/p>\n<blockquote class=\"twitter-tweet\" data-lang=\"es\">\n<p dir=\"ltr\" lang=\"es\">&#8220;Una nueva oportunidad para que <a href=\"https:\/\/twitter.com\/Cruz_Azul_FC\">@Cruz_Azul_FC<\/a> sea protagonista del torneo&#8221; <a href=\"https:\/\/twitter.com\/jesuscorona01\">@jesuscorona01<\/a> <a href=\"https:\/\/t.co\/FeoxZhEheY\">https:\/\/t.co\/FeoxZhEheY<\/a> <a href=\"https:\/\/t.co\/7UyP2isYud\">pic.twitter.com\/7UyP2isYud<\/a><\/p>\n<p>\u2014 CRUZ AZUL FC \u00ae (@Cruz_Azul_FC) <a href=\"https:\/\/twitter.com\/Cruz_Azul_FC\/status\/748214549975805953\">29 de junio de 2016<\/a><\/p><\/blockquote>\n<p><script src=\"\/\/platform.twitter.com\/widgets.js\" async=\"\" charset=\"utf-8\"><\/script><\/p>\n<p><strong>Mat\u00edas Vuoso<\/strong> visit\u00f3 el Territorio Santos Modelo para ver el duelo de preparaci\u00f3n entre los <em>Guerreros<\/em> y Tampico, donde se dio tiempo para agradecer el cari\u00f1o de la afici\u00f3n, al tiempo de externar su anhelo por retirarse en la Liga MX.<\/p>\n<p>El delantero no entr\u00f3 en los planes del <strong>Cruz Azul<\/strong>, por si fuera poco tampoco despert\u00f3 inter\u00e9s en alg\u00fan club nacional y por ello su futuro es una incertidumbre.<\/p>\n<p><span style=\"color: #ff0000;\"><strong>VIDEO<\/strong>: Antes figuras, hoy desechos de la Liga MX<\/span><\/p>\n<p>[video_player]https:\/\/player.vimeo.com\/external\/172775164.sd.mp4?s=6df725f59351d09afdbef1c2ce396b6ce4a080be&amp;profile_id=165[\/video_player]<\/p>\n","protected":false},"excerpt":{"rendered":"<p>\u201cLa regla 10-8 le afect\u00f3 a los naturalizados, m\u00e1s que nada&#8221;<\/p>\n","protected":false},"author":20,"featured_media":407234,"comment_status":"closed","ping_status":"closed","sticky":false,"template":"","format":"standard","meta":[],"categories":[2198,3845,5950],"tags":[5962],"_links":{"self":[{"href":"http:\/\/desarrollo.grupomedios.com\/futbol\/wp-json\/wp\/v2\/posts\/407232"}],"collection":[{"href":"http:\/\/desarrollo.grupomedios.com\/futbol\/wp-json\/wp\/v2\/posts"}],"about":[{"href":"http:\/\/desarrollo.grupomedios.com\/futbol\/wp-json\/wp\/v2\/types\/post"}],"author":[{"embeddable":true,"href":"http:\/\/desarrollo.grupomedios.com\/futbol\/wp-json\/wp\/v2\/users\/20"}],"replies":[{"embeddable":true,"href":"http:\/\/desarrollo.grupomedios.com\/futbol\/wp-json\/wp\/v2\/comments?post=407232"}],"version-history":[{"count":0,"href":"http:\/\/desarrollo.grupomedios.com\/futbol\/wp-json\/wp\/v2\/posts\/407232\/revisions"}],"wp:featuredmedia":[{"embeddable":true,"href":"http:\/\/desarrollo.grupomedios.com\/futbol\/wp-json\/wp\/v2\/media\/407234"}],"wp:attachment":[{"href":"http:\/\/desarrollo.grupomedios.com\/futbol\/wp-json\/wp\/v2\/media?parent=407232"}],"wp:term":[{"taxonomy":"category","embeddable":true,"href":"http:\/\/desarrollo.grupomedios.com\/futbol\/wp-json\/wp\/v2\/categories?post=407232"},{"taxonomy":"post_tag","embeddable":true,"href":"http:\/\/desarrollo.grupomedios.com\/futbol\/wp-json\/wp\/v2\/tags?post=407232"}],"curies":[{"name":"wp","href":"https:\/\/api.w.org\/{rel}","templated":true}]}}