{"id":407247,"date":"2016-06-29T14:22:48","date_gmt":"2016-06-29T19:22:48","guid":{"rendered":"http:\/\/www.futboltotal.com.mx\/?p=407247"},"modified":"2016-06-29T14:22:48","modified_gmt":"2016-06-29T19:22:48","slug":"marc-crosas-jugara-en-espana","status":"publish","type":"post","link":"http:\/\/desarrollo.grupomedios.com\/futbol\/futbol-mexicano\/marc-crosas-jugara-en-espana\/2016\/06","title":{"rendered":"Marc Crosas jugar\u00e1 en Espa\u00f1a"},"content":{"rendered":"<p>El idilio entre <a href=\"http:\/\/futboltotal.com.mx\/equipos\/cruz-azul\/\" target=\"_blank\"><strong>Cruz Azul<\/strong><\/a> y <strong>Marc Crosas<\/strong> se acab\u00f3 despu\u00e9s que el propio t\u00e9cnico Tom\u00e1s Boy lo descartara para el Apertura 2016, situaci\u00f3n que oblig\u00f3 al mediocampista a buscar acomodo, el cual\u00a0encontrar\u00eda en la Segunda Divisi\u00f3n de Espa\u00f1a con <strong>Tenerife<\/strong>.<\/p>\n<p>La carrera del jugador fue a menos luego de una lesi\u00f3n que sufri\u00f3 en agosto de 2015 que lo margin\u00f3 de las canchas y con ello su participaci\u00f3n con la <em>M\u00e1quina<\/em>.<\/p>\n<blockquote class=\"twitter-tweet\" data-lang=\"es\">\n<p dir=\"ltr\" lang=\"es\">Que un jugador que da tanto, reciba tan poco a cambio. Para m\u00ed (y muchos) es y seguir\u00e1 siendo un ejemplo. \u00cddolo! <a href=\"https:\/\/t.co\/RddAQyGSH6\">https:\/\/t.co\/RddAQyGSH6<\/a><\/p>\n<p>\u2014 Marc Crosas (@marccrosas) <a href=\"https:\/\/twitter.com\/marccrosas\/status\/747291973690626049\">27 de junio de 2016<\/a><\/p><\/blockquote>\n<p><script src=\"\/\/platform.twitter.com\/widgets.js\" async=\"\" charset=\"utf-8\"><\/script><\/p>\n<p>Despu\u00e9s de salir del Barcelona en 2007, pas\u00f3 por Olympique de Lyon, Celtic, Volga de Rusia, hasta que en 2011 firm\u00f3 contrato con Santos Laguna.<\/p>\n<p>Fue con la camiseta de Leones Negros que dio su mejor versi\u00f3n a tal grado que <strong>Cruz Azul<\/strong> se hizo con sus servicios, pero <strong>Marc Crosas<\/strong> no pudo demostrar su talento y ahora se ir\u00e1 de la Liga MX.<\/p>\n<p><span style=\"color: #ff0000;\"><strong>VIDEO<\/strong>: Antes figuras, hoy desechos de la Liga MX<\/span><\/p>\n<p>[video_player]https:\/\/player.vimeo.com\/external\/172775164.sd.mp4?s=6df725f59351d09afdbef1c2ce396b6ce4a080be&amp;profile_id=165[\/video_player]<\/p>\n","protected":false},"excerpt":{"rendered":"<p>El mediocampista est\u00e1 a un paso del Tenerife <\/p>\n","protected":false},"author":20,"featured_media":407248,"comment_status":"closed","ping_status":"closed","sticky":false,"template":"","format":"standard","meta":[],"categories":[2198,3845],"tags":[5962],"_links":{"self":[{"href":"http:\/\/desarrollo.grupomedios.com\/futbol\/wp-json\/wp\/v2\/posts\/407247"}],"collection":[{"href":"http:\/\/desarrollo.grupomedios.com\/futbol\/wp-json\/wp\/v2\/posts"}],"about":[{"href":"http:\/\/desarrollo.grupomedios.com\/futbol\/wp-json\/wp\/v2\/types\/post"}],"author":[{"embeddable":true,"href":"http:\/\/desarrollo.grupomedios.com\/futbol\/wp-json\/wp\/v2\/users\/20"}],"replies":[{"embeddable":true,"href":"http:\/\/desarrollo.grupomedios.com\/futbol\/wp-json\/wp\/v2\/comments?post=407247"}],"version-history":[{"count":0,"href":"http:\/\/desarrollo.grupomedios.com\/futbol\/wp-json\/wp\/v2\/posts\/407247\/revisions"}],"wp:featuredmedia":[{"embeddable":true,"href":"http:\/\/desarrollo.grupomedios.com\/futbol\/wp-json\/wp\/v2\/media\/407248"}],"wp:attachment":[{"href":"http:\/\/desarrollo.grupomedios.com\/futbol\/wp-json\/wp\/v2\/media?parent=407247"}],"wp:term":[{"taxonomy":"category","embeddable":true,"href":"http:\/\/desarrollo.grupomedios.com\/futbol\/wp-json\/wp\/v2\/categories?post=407247"},{"taxonomy":"post_tag","embeddable":true,"href":"http:\/\/desarrollo.grupomedios.com\/futbol\/wp-json\/wp\/v2\/tags?post=407247"}],"curies":[{"name":"wp","href":"https:\/\/api.w.org\/{rel}","templated":true}]}}