{"id":407253,"date":"2016-06-29T14:57:43","date_gmt":"2016-06-29T19:57:43","guid":{"rendered":"http:\/\/www.futboltotal.com.mx\/?p=407253"},"modified":"2016-06-29T14:57:45","modified_gmt":"2016-06-29T19:57:45","slug":"costos-chivas-tv-la-realidad","status":"publish","type":"post","link":"http:\/\/desarrollo.grupomedios.com\/futbol\/destacado-home\/costos-chivas-tv-la-realidad\/2016\/06","title":{"rendered":"Costos de Chivas TV, \u00a1fuera de la realidad!"},"content":{"rendered":"<p>Este mi\u00e9rcoles se dieron\u00a0a conocer los\u00a0<a href=\"http:\/\/www.futboltotal.com.mx\/2016\/06\/los-precios-chivas-tv-las-nubes\/\"><strong>costos<\/strong>\u00a0para adquirir el servicio de <strong>Chivas TV<\/strong><\/a>, la flamante\u00a0plataforma digital por\u00a0la que,\u00a0a partir del Apertura 2016, se\u00a0transmitir\u00e1n los partidos de local del\u00a0<em>Reba\u00f1o<\/em>, as\u00ed como otros contenidos exclusivos del club\u00a0<em>rojiblanco<\/em>.<\/p>\n<p>En ese contexto, destac\u00f3 que el innovador servicio tendr\u00e1 alt\u00edsimos\u00a0<strong>costos<\/strong>, situaci\u00f3n que caus\u00f3 pol\u00e9mica entre la familia futbol\u00edstica, que no ocult\u00f3 su sorpresa (en muchos casos\u00a0malestar)\u00a0y se expres\u00f3 sin empacho\u00a0mediante redes sociales.<\/p>\n<p style=\"text-align: center;\"><a href=\"http:\/\/www.futboltotal.com.mx\/2016\/06\/encuesta-ft-estan-dispuestos-a-pagar-ver-los-partidos-chivas\/\"><strong>LEER M\u00c1S: \u00bfEst\u00e1s dispuesto a pagar\u00a0Chivas TV?<\/strong><\/a><\/p>\n<p>El\u00a0paquete\u00a0m\u00e1s completo de <strong>Chivas TV<\/strong> es\u00a0anual e incluye los torneos\u00a0Apertura 2016\u00a0y\u00a0Clausura 2017. El combo\u00a0tendr\u00e1\u00a0un <strong>costo<\/strong> de 2,750 pesos (la afici\u00f3n podr\u00e1 adquirirlo en promoci\u00f3n por $1,999).<\/p>\n<p>Y ante ello, te presentamos el <strong>costo<\/strong> de algunos servicios de <em>streaming<\/em> en M\u00e9xico, un singular ejercicio que evidencia, desde la perspectiva de precios,\u00a0que la propuesta de <strong>Chivas<\/strong> est\u00e1 fuera de la realidad.<\/p>\n<p><a href=\"http:\/\/www.futboltotal.com.mx\/2016\/06\/costos-chivas-tv-la-realidad\/streaming-costo-chivas-tv\/\" rel=\"attachment wp-att-407258\"><img decoding=\"async\" loading=\"lazy\" class=\"aligncenter size-full wp-image-407258\" src=\"http:\/\/www.futboltotal.com.mx\/wp-content\/uploads\/2016\/06\/streaming-costo-chivas-tv.jpg\" alt=\"streaming-costo-chivas-tv\" srcset=\"http:\/\/desarrollo.grupomedios.com\/futbol\/wp-content\/uploads\/2016\/06\/streaming-costo-chivas-tv.jpg 858w, http:\/\/desarrollo.grupomedios.com\/futbol\/wp-content\/uploads\/2016\/06\/streaming-costo-chivas-tv-219x300.jpg 219w, http:\/\/desarrollo.grupomedios.com\/futbol\/wp-content\/uploads\/2016\/06\/streaming-costo-chivas-tv-768x1053.jpg 768w, http:\/\/desarrollo.grupomedios.com\/futbol\/wp-content\/uploads\/2016\/06\/streaming-costo-chivas-tv-747x1024.jpg 747w\" sizes=\"(max-width: 858px) 100vw, 858px\" \/><\/a><\/p>\n","protected":false},"excerpt":{"rendered":"<p>Comparativa de precios de algunos servicios de streaming<\/p>\n","protected":false},"author":20,"featured_media":407259,"comment_status":"closed","ping_status":"closed","sticky":false,"template":"","format":"standard","meta":[],"categories":[5,2198,3845],"tags":[70,7110],"_links":{"self":[{"href":"http:\/\/desarrollo.grupomedios.com\/futbol\/wp-json\/wp\/v2\/posts\/407253"}],"collection":[{"href":"http:\/\/desarrollo.grupomedios.com\/futbol\/wp-json\/wp\/v2\/posts"}],"about":[{"href":"http:\/\/desarrollo.grupomedios.com\/futbol\/wp-json\/wp\/v2\/types\/post"}],"author":[{"embeddable":true,"href":"http:\/\/desarrollo.grupomedios.com\/futbol\/wp-json\/wp\/v2\/users\/20"}],"replies":[{"embeddable":true,"href":"http:\/\/desarrollo.grupomedios.com\/futbol\/wp-json\/wp\/v2\/comments?post=407253"}],"version-history":[{"count":0,"href":"http:\/\/desarrollo.grupomedios.com\/futbol\/wp-json\/wp\/v2\/posts\/407253\/revisions"}],"wp:featuredmedia":[{"embeddable":true,"href":"http:\/\/desarrollo.grupomedios.com\/futbol\/wp-json\/wp\/v2\/media\/407259"}],"wp:attachment":[{"href":"http:\/\/desarrollo.grupomedios.com\/futbol\/wp-json\/wp\/v2\/media?parent=407253"}],"wp:term":[{"taxonomy":"category","embeddable":true,"href":"http:\/\/desarrollo.grupomedios.com\/futbol\/wp-json\/wp\/v2\/categories?post=407253"},{"taxonomy":"post_tag","embeddable":true,"href":"http:\/\/desarrollo.grupomedios.com\/futbol\/wp-json\/wp\/v2\/tags?post=407253"}],"curies":[{"name":"wp","href":"https:\/\/api.w.org\/{rel}","templated":true}]}}