{"id":407265,"date":"2016-06-29T15:09:38","date_gmt":"2016-06-29T20:09:38","guid":{"rendered":"http:\/\/www.futboltotal.com.mx\/?p=407265"},"modified":"2016-06-29T15:09:38","modified_gmt":"2016-06-29T20:09:38","slug":"tigres-apuesta-cantera-extranjera","status":"publish","type":"post","link":"http:\/\/desarrollo.grupomedios.com\/futbol\/futbol-mexicano\/tigres-apuesta-cantera-extranjera\/2016\/06","title":{"rendered":"Tigres apuesta por cantera extranjera"},"content":{"rendered":"<p>Gracias a la regla 10-8, los j\u00f3venes mexicanos tendr\u00e1n mayores complicaciones para buscar la titularidad en Primera Divisi\u00f3n, pues al no haber l\u00edmite de extranjeros algunos equipos ya comenzaron a buscar en el mercado internacional, siendo <a href=\"http:\/\/futboltotal.com.mx\/equipos\/tigres\/\" target=\"_blank\"><strong>Tigres<\/strong><\/a> el que se olvid\u00f3 por completo de sus fuerzas b\u00e1sicas ya que prefiere su &#8220;cantera for\u00e1nea&#8221;.<\/p>\n<p>En los \u00faltimos dos a\u00f1os, la UANL adopt\u00f3 el modelo de algunos clubes europeos, que es comprar a futbolistas promesa ya sea para unirlo a sus filas o bien venderlos a un precio mayor.<\/p>\n<blockquote class=\"twitter-tweet\" data-lang=\"es\">\n<p dir=\"ltr\" lang=\"es\">Hoy tendremos chat en vivo con <a href=\"https:\/\/twitter.com\/ismasosa18\">@ismasosa18<\/a> en la Riviera Maya, no te lo pierdas. Env\u00eda tu pregunta con <a href=\"https:\/\/twitter.com\/hashtag\/ChatConSosa?src=hash\">#ChatConSosa<\/a> <a href=\"https:\/\/t.co\/nlZIEQnKj4\">pic.twitter.com\/nlZIEQnKj4<\/a><\/p>\n<p>\u2014 CLUB TIGRES OFICIAL (@TigresOficial) <a href=\"https:\/\/twitter.com\/TigresOficial\/status\/748233967887912960\">29 de junio de 2016<\/a><\/p><\/blockquote>\n<p><script src=\"\/\/platform.twitter.com\/widgets.js\" async=\"\" charset=\"utf-8\"><\/script><\/p>\n<p>Actualmente, <strong>Tigres<\/strong> presume los derechos deportivos de elementos como los colombianos Juli\u00e1n Qui\u00f1ones, Carlos Ibarg\u00fcen, Jhon C\u00f3rdoba, Johan Arango, William Palacio; el uruguayo Egidio Ar\u00e9valo, el argentino Eder Borelli, el salvadore\u00f1o Alexander Lar\u00edn y el peruano Christian Cueva; todos ellos que tienen acomodo en M\u00e9xico o fuera del pa\u00eds.<\/p>\n<p>No conforme, para el Apertura 2016 los regios tendr\u00e1n en su plantel a los <em>cafeteros<\/em> Luis Qui\u00f1ones, Juli\u00e1n Qui\u00f1ones y Francisco Meza; los argentinos Nahuel Guzm\u00e1n, Ismael Sosa, Dami\u00e1n \u00c1lvarez, Lucas Zelaray\u00e1n y Guido Pizarro. Adem\u00e1s del franc\u00e9s Andr\u00e9-Pierre Gignac, el paraguayo Fernando Fern\u00e1ndez y el brasile\u00f1o Juninho.<\/p>\n<p><a href=\"http:\/\/www.futboltotal.com.mx\/wp-content\/uploads\/2016\/06\/tigres-refuerzos-noticias-1.jpg\"><img decoding=\"async\" loading=\"lazy\" class=\"alignnone size-full wp-image-407266\" src=\"http:\/\/www.futboltotal.com.mx\/wp-content\/uploads\/2016\/06\/tigres-refuerzos-noticias-1.jpg\" alt=\"tigres-refuerzos-noticias-1\" srcset=\"http:\/\/desarrollo.grupomedios.com\/futbol\/wp-content\/uploads\/2016\/06\/tigres-refuerzos-noticias-1.jpg 858w, http:\/\/desarrollo.grupomedios.com\/futbol\/wp-content\/uploads\/2016\/06\/tigres-refuerzos-noticias-1-300x151.jpg 300w, http:\/\/desarrollo.grupomedios.com\/futbol\/wp-content\/uploads\/2016\/06\/tigres-refuerzos-noticias-1-768x386.jpg 768w, http:\/\/desarrollo.grupomedios.com\/futbol\/wp-content\/uploads\/2016\/06\/tigres-refuerzos-noticias-1-340x171.jpg 340w\" sizes=\"(max-width: 858px) 100vw, 858px\" \/><\/a><\/p>\n<p>Previo al arranque del torneo, la escuadra <em>felina<\/em> contrat\u00f3 al argentino Mauro Fern\u00e1ndez al que mand\u00f3 como pr\u00e9stamo al FC Ju\u00e1rez, al tiempo de pensar en otro fichaje franc\u00e9s del cual trasciende que ser\u00eda Mathieu Valbuena o Andy Delort.<\/p>\n<p>Con esta cantidad de extranjeros en la baraja, no sorprende que la cantera de <strong>Tigres<\/strong> brille por su ausencia, pues fuera de Jos\u00e9 Rivas e Israel Jim\u00e9nez; son contados los jugadores que han visto acci\u00f3n en la Liga MX: Manuel Viniegra, Jonathan Espericueta, Ram\u00f3n Garc\u00eda, Genaro Castillo y Uvaldo Luna; quienes no tienen ni el 50 por ciento de los minutos posibles.<\/p>\n<p><em>Crack<\/em>, \u00bfte gusta este modelo?<\/p>\n<p><span style=\"color: #ff0000;\"><strong>VIDEO<\/strong>: Antes figuras, hoy desechos de la Liga MX<\/span><\/p>\n<p>[video_player]https:\/\/player.vimeo.com\/external\/172775164.sd.mp4?s=6df725f59351d09afdbef1c2ce396b6ce4a080be&amp;profile_id=165[\/video_player]<\/p>\n","protected":false},"excerpt":{"rendered":"<p>Los Felinos se olvidaron de sus j\u00f3venes mexicanos <\/p>\n","protected":false},"author":20,"featured_media":407267,"comment_status":"closed","ping_status":"closed","sticky":false,"template":"","format":"standard","meta":[],"categories":[2198,3845,5950],"tags":[5973],"_links":{"self":[{"href":"http:\/\/desarrollo.grupomedios.com\/futbol\/wp-json\/wp\/v2\/posts\/407265"}],"collection":[{"href":"http:\/\/desarrollo.grupomedios.com\/futbol\/wp-json\/wp\/v2\/posts"}],"about":[{"href":"http:\/\/desarrollo.grupomedios.com\/futbol\/wp-json\/wp\/v2\/types\/post"}],"author":[{"embeddable":true,"href":"http:\/\/desarrollo.grupomedios.com\/futbol\/wp-json\/wp\/v2\/users\/20"}],"replies":[{"embeddable":true,"href":"http:\/\/desarrollo.grupomedios.com\/futbol\/wp-json\/wp\/v2\/comments?post=407265"}],"version-history":[{"count":0,"href":"http:\/\/desarrollo.grupomedios.com\/futbol\/wp-json\/wp\/v2\/posts\/407265\/revisions"}],"wp:featuredmedia":[{"embeddable":true,"href":"http:\/\/desarrollo.grupomedios.com\/futbol\/wp-json\/wp\/v2\/media\/407267"}],"wp:attachment":[{"href":"http:\/\/desarrollo.grupomedios.com\/futbol\/wp-json\/wp\/v2\/media?parent=407265"}],"wp:term":[{"taxonomy":"category","embeddable":true,"href":"http:\/\/desarrollo.grupomedios.com\/futbol\/wp-json\/wp\/v2\/categories?post=407265"},{"taxonomy":"post_tag","embeddable":true,"href":"http:\/\/desarrollo.grupomedios.com\/futbol\/wp-json\/wp\/v2\/tags?post=407265"}],"curies":[{"name":"wp","href":"https:\/\/api.w.org\/{rel}","templated":true}]}}