{"id":407274,"date":"2016-06-29T15:43:16","date_gmt":"2016-06-29T20:43:16","guid":{"rendered":"http:\/\/www.futboltotal.com.mx\/?p=407274"},"modified":"2016-06-29T15:59:38","modified_gmt":"2016-06-29T20:59:38","slug":"angel-reyna-critica-a-la-seleccion-mexicana","status":"publish","type":"post","link":"http:\/\/desarrollo.grupomedios.com\/futbol\/futbol-mexicano\/angel-reyna-critica-a-la-seleccion-mexicana\/2016\/06","title":{"rendered":"&#8220;A la Selecci\u00f3n van los amigos de los amigos&#8221;"},"content":{"rendered":"<p><strong>\u00c1ngel Reyna<\/strong>, el flamante delantero del Celaya, critic\u00f3 a la <a href=\"http:\/\/www.futboltotal.com.mx\/futbol-mexicano\/seleccion-mexicana\/\"><strong>Selecci\u00f3n Mexicana<\/strong><\/a>, al subrayar que s\u00f3lo convocan a jugadores que tienen buena relaci\u00f3n con los entrenadores. Y sin empacho, agreg\u00f3 que como consecuencia de esa situaci\u00f3n, se dio la goleada 0-7 frente a Chile en la pasada Copa Am\u00e9rica.<\/p>\n<p>\u201cA la Selecci\u00f3n van los amigos de los amigos, los amigos de los t\u00e9cnicos, por eso nos meten siete goles, por eso no hay progreso\u201d, consider\u00f3 el delantero al t\u00e9rmino del duelo amistoso que los <em>Toros<\/em>\u00a0sostuvieron ante Pumas y que termin\u00f3 con\u00a0victoria (0-2) de los <em>cajeteros<\/em>.<\/p>\n<p><a href=\"http:\/\/www.futboltotal.com.mx\/wp-content\/uploads\/2016\/06\/angel-reyna-seleccion-mexicana-noticias-1.jpg\"><img decoding=\"async\" loading=\"lazy\" class=\"alignnone size-full wp-image-407277\" src=\"http:\/\/www.futboltotal.com.mx\/wp-content\/uploads\/2016\/06\/angel-reyna-seleccion-mexicana-noticias-1.jpg\" alt=\"angel-reyna-seleccion-mexicana-noticias-1\" srcset=\"http:\/\/desarrollo.grupomedios.com\/futbol\/wp-content\/uploads\/2016\/06\/angel-reyna-seleccion-mexicana-noticias-1.jpg 940w, http:\/\/desarrollo.grupomedios.com\/futbol\/wp-content\/uploads\/2016\/06\/angel-reyna-seleccion-mexicana-noticias-1-300x251.jpg 300w, http:\/\/desarrollo.grupomedios.com\/futbol\/wp-content\/uploads\/2016\/06\/angel-reyna-seleccion-mexicana-noticias-1-768x644.jpg 768w\" sizes=\"(max-width: 940px) 100vw, 940px\" \/><\/a><\/p>\n<p>En \u00e9se sentido, pidi\u00f3 a los juveniles exigir mayores oportunidades tanto en la Liga MX como el misma Selecci\u00f3n Mexicana, pues los espacios para los connacionales se reducen con reglas como la 10-8, norma\u00a0que elimina el l\u00edmite de extranjeros.<\/p>\n<p>\u201cHay jugadores de jerarqu\u00eda que deber\u00edan tener pantalones y alzar la voz por los j\u00f3venes que no tienen trayectoria y sufren lo que es M\u00e9xico. El \u00fanico que lo hace es Rafael M\u00e1rquez\u201d, acot\u00f3.<\/p>\n<blockquote class=\"twitter-tweet\" data-lang=\"es\">\n<p dir=\"ltr\" lang=\"in\">ConTuFut &amp; Gi\/construye (AR-) <a href=\"https:\/\/t.co\/8xZnCHi43B\">pic.twitter.com\/8xZnCHi43B<\/a><\/p>\n<p>\u2014 Angel Reyna (@AngelReynaFut) <a href=\"https:\/\/twitter.com\/AngelReynaFut\/status\/746913879012216832\">26 de junio de 2016<\/a><\/p><\/blockquote>\n<p><script src=\"\/\/platform.twitter.com\/widgets.js\" async=\"\" charset=\"utf-8\"><\/script><\/p>\n<p>Finalmente, <strong>\u00c1ngel Reyna<\/strong> descart\u00f3 que le frustre su pase al Ascenso MX, pues conf\u00eda en adaptarse para ser referente ofensivo.<\/p>\n<p>\u201cLos que empezamos de abajo y luchamos al d\u00eda, no nos cuesta trabajo adaptarnos. Al final, es futbol y lo que interesa es en la cancha. No siempre vamos a estar en lo m\u00e1s alto. Lo tomo como una bonita experiencia. Pensaba retirarme, pero mis amistades en Celaya me hicieron regresar a jugar, me devolvieron las ganas. Hay gente que te las quita dentro del futbol\u201d, concluy\u00f3.<\/p>\n<p><span style=\"color: #ff0000;\"><strong>VIDEO<\/strong>: Antes figuras, hoy desechos de la Liga MX<\/span><\/p>\n<p>[video_player]https:\/\/player.vimeo.com\/external\/172775164.sd.mp4?s=6df725f59351d09afdbef1c2ce396b6ce4a080be&amp;profile_id=165[\/video_player]<\/p>\n","protected":false},"excerpt":{"rendered":"<p>Siempre pol\u00e9mico&#8230; \u00c1ngel Reyna tundi\u00f3 al TRI<\/p>\n","protected":false},"author":20,"featured_media":407275,"comment_status":"closed","ping_status":"closed","sticky":false,"template":"","format":"standard","meta":[],"categories":[2198,3847,5950],"tags":[1659,5979],"_links":{"self":[{"href":"http:\/\/desarrollo.grupomedios.com\/futbol\/wp-json\/wp\/v2\/posts\/407274"}],"collection":[{"href":"http:\/\/desarrollo.grupomedios.com\/futbol\/wp-json\/wp\/v2\/posts"}],"about":[{"href":"http:\/\/desarrollo.grupomedios.com\/futbol\/wp-json\/wp\/v2\/types\/post"}],"author":[{"embeddable":true,"href":"http:\/\/desarrollo.grupomedios.com\/futbol\/wp-json\/wp\/v2\/users\/20"}],"replies":[{"embeddable":true,"href":"http:\/\/desarrollo.grupomedios.com\/futbol\/wp-json\/wp\/v2\/comments?post=407274"}],"version-history":[{"count":0,"href":"http:\/\/desarrollo.grupomedios.com\/futbol\/wp-json\/wp\/v2\/posts\/407274\/revisions"}],"wp:featuredmedia":[{"embeddable":true,"href":"http:\/\/desarrollo.grupomedios.com\/futbol\/wp-json\/wp\/v2\/media\/407275"}],"wp:attachment":[{"href":"http:\/\/desarrollo.grupomedios.com\/futbol\/wp-json\/wp\/v2\/media?parent=407274"}],"wp:term":[{"taxonomy":"category","embeddable":true,"href":"http:\/\/desarrollo.grupomedios.com\/futbol\/wp-json\/wp\/v2\/categories?post=407274"},{"taxonomy":"post_tag","embeddable":true,"href":"http:\/\/desarrollo.grupomedios.com\/futbol\/wp-json\/wp\/v2\/tags?post=407274"}],"curies":[{"name":"wp","href":"https:\/\/api.w.org\/{rel}","templated":true}]}}