{"id":407306,"date":"2016-06-29T17:18:36","date_gmt":"2016-06-29T22:18:36","guid":{"rendered":"http:\/\/www.futboltotal.com.mx\/?p=407306"},"modified":"2016-06-29T18:53:20","modified_gmt":"2016-06-29T23:53:20","slug":"el-efecto-guardiola-se-hara-en-alemania","status":"publish","type":"post","link":"http:\/\/desarrollo.grupomedios.com\/futbol\/futbol-internacional\/el-efecto-guardiola-se-hara-en-alemania\/2016\/06","title":{"rendered":"El efecto Guardiola&#8230; \u00bfse har\u00e1 en Alemania?"},"content":{"rendered":"<p>La llegada de <strong><em>Pep<\/em> Guardiola<\/strong> al Bayern M\u00fanich llen\u00f3 de incertidumbre a la prensa alemana por saber qu\u00e9 pasar\u00eda con su selecci\u00f3n, pues era sabido que el estilo que impuso con el Barcelona lleg\u00f3 hasta la Selecci\u00f3n Espa\u00f1ola y deriv\u00f3 en un campeonato del mundo y una Eurocopa, ambos t\u00edtulos basados en el estilo de juego de <strong>Guardiola<\/strong>. \u201c\u00c9l tiene una clara filosof\u00eda que vivi\u00f3 desde peque\u00f1o, predic\u00f3 y entren\u00f3 en Barcelona. En el futuro se ver\u00e1 si tambi\u00e9n tiene \u00e9xito en <strong>Alemania<\/strong>\u201d, coment\u00f3 el t\u00e9cnico teut\u00f3n, Joachim Low.<\/p>\n<p>A su llegada a <strong>Alemania<\/strong>, <strong>Guardiola<\/strong> fue cuestionado sobre su estilo de juego y las cosas que cambiar\u00eda por su llegada a la Bundesliga, pero el entrenador espa\u00f1ol se neg\u00f3 y dijo que el mantendr\u00eda su estilo a pesar de sus diferencias.\u201cEntiendo que en <strong>Alemania<\/strong>, tradicionalmente, se ha jugado a otra cosa, pero el Bayern me ha fichado a m\u00ed\u201d, explic\u00f3.<\/p>\n<p><img decoding=\"async\" loading=\"lazy\" class=\"alignnone size-full wp-image-407310\" src=\"http:\/\/www.futboltotal.com.mx\/wp-content\/uploads\/2016\/06\/guardiola.jpg\" alt=\"guardiola\" srcset=\"http:\/\/desarrollo.grupomedios.com\/futbol\/wp-content\/uploads\/2016\/06\/guardiola.jpg 858w, http:\/\/desarrollo.grupomedios.com\/futbol\/wp-content\/uploads\/2016\/06\/guardiola-300x151.jpg 300w, http:\/\/desarrollo.grupomedios.com\/futbol\/wp-content\/uploads\/2016\/06\/guardiola-768x386.jpg 768w, http:\/\/desarrollo.grupomedios.com\/futbol\/wp-content\/uploads\/2016\/06\/guardiola-340x171.jpg 340w\" sizes=\"(max-width: 858px) 100vw, 858px\" \/><\/p>\n<p>En su paso por el Barcelona dej\u00f3 un legado t\u00e1ctico, valid\u00e1ndolo con 14 t\u00edtulos conseguidos en tres a\u00f1os con el club <i>Blaugrana. <\/i>En su llegada al Bayern no fue la excepci\u00f3n y el equipo <i>B\u00e1varo <\/i>tuvo una gran flexibilidad t\u00e1ctica con la que antes no contaba, adem\u00e1s del triplete de liga conseguido.<\/p>\n<p style=\"text-align: center;\"><span style=\"color: #3366ff;\">LEER M\u00c1S:\u00a0<a style=\"color: #3366ff;\" href=\"http:\/\/www.futboltotal.com.mx\/2016\/06\/los-trofeos-bonitos-del-futbol\/\">\u00bfCu\u00e1l es el trofeo m\u00e1s bonito del futbol?<\/a><\/span><\/p>\n<p>Esto tuvo repercusi\u00f3n en la <strong>Selecci\u00f3n Alemana<\/strong>, pues la mayor\u00eda de los jugadores alemanes que ganaron la Copa del Mundo en 2014 eran del Bayern: Manuel Neuer, Philiph Lahm, Jerome Boateng, Thomas Muller, Toni Kroos y Mario Gotze, que igualaron la f\u00f3rmula que utiliz\u00f3 Espa\u00f1a en 2010 cuando ganaron con la mayor\u00eda de los jugadores del <i>Barca.<\/i><\/p>\n<p>Aunque el m\u00e9rito por los t\u00edtulos mundiales es de Vicente del Bosque y Joachim Low, algo tuvo que ver Guardiola tanto en Espa\u00f1a como en <strong>Alemania<\/strong>, pues sus ajustes t\u00e1cticos han hecho que los jugadores sean m\u00e1s flexibles.\u201cEl papel de l\u00edbero de Neuer, que ya gustaba de jugar fuera del \u00e1rea antes de <em>Pep<\/em>, pero que con \u00e9l se ha multiplicado; el rol de Lahm como eje del juego, sin que importe demasiado si est\u00e1 en el centro o en la banda (y en el Mundial fue el organizador alem\u00e1n desde el lateral); y la consolidaci\u00f3n de Kroos como segundo pelda\u00f1o en la fase de construcci\u00f3n del juego, retrasando su tradicional posici\u00f3n como mediapunta. Pero en el resto de aspectos del juego de la <em>Mannschaft<\/em>, el m\u00e9rito fue exclusivo de Joachim L\u00f6w\u201d, explica el periodista Mart\u00ed Perarnau.<\/p>\n<p><img decoding=\"async\" loading=\"lazy\" class=\"alignnone size-full wp-image-407311\" src=\"http:\/\/www.futboltotal.com.mx\/wp-content\/uploads\/2016\/06\/aLEMANIA-CAMPEON-2014.jpg\" alt=\"aLEMANIA-CAMPEON-2014\" srcset=\"http:\/\/desarrollo.grupomedios.com\/futbol\/wp-content\/uploads\/2016\/06\/aLEMANIA-CAMPEON-2014.jpg 858w, http:\/\/desarrollo.grupomedios.com\/futbol\/wp-content\/uploads\/2016\/06\/aLEMANIA-CAMPEON-2014-300x151.jpg 300w, http:\/\/desarrollo.grupomedios.com\/futbol\/wp-content\/uploads\/2016\/06\/aLEMANIA-CAMPEON-2014-768x386.jpg 768w, http:\/\/desarrollo.grupomedios.com\/futbol\/wp-content\/uploads\/2016\/06\/aLEMANIA-CAMPEON-2014-340x171.jpg 340w\" sizes=\"(max-width: 858px) 100vw, 858px\" \/><\/p>\n<p>Al igual que Espa\u00f1a lo hizo en 2012, ahora los alemanes buscar\u00e1n seguir con esa racha de \u201cpa\u00eds que gana el Mundial, despu\u00e9s gana la Euro&#8221; y coincide en que en ambos casos <strong>Guardiola<\/strong> pas\u00f3 su \u00faltimo a\u00f1o en sus respectivas ligas.<\/p>\n<p>\u00bfPodr\u00e1 <strong>Alemania<\/strong> llevarse la Eurocopa al igual que Espa\u00f1a en la edici\u00f3n anterior?<\/p>\n","protected":false},"excerpt":{"rendered":"<p>Su mandato en las ligas repercute en las Selecciones Nacionales<\/p>\n","protected":false},"author":129,"featured_media":407308,"comment_status":"closed","ping_status":"closed","sticky":false,"template":"","format":"standard","meta":[],"categories":[6995,3839,6999,5951],"tags":[6000,2236,7233],"_links":{"self":[{"href":"http:\/\/desarrollo.grupomedios.com\/futbol\/wp-json\/wp\/v2\/posts\/407306"}],"collection":[{"href":"http:\/\/desarrollo.grupomedios.com\/futbol\/wp-json\/wp\/v2\/posts"}],"about":[{"href":"http:\/\/desarrollo.grupomedios.com\/futbol\/wp-json\/wp\/v2\/types\/post"}],"author":[{"embeddable":true,"href":"http:\/\/desarrollo.grupomedios.com\/futbol\/wp-json\/wp\/v2\/users\/129"}],"replies":[{"embeddable":true,"href":"http:\/\/desarrollo.grupomedios.com\/futbol\/wp-json\/wp\/v2\/comments?post=407306"}],"version-history":[{"count":0,"href":"http:\/\/desarrollo.grupomedios.com\/futbol\/wp-json\/wp\/v2\/posts\/407306\/revisions"}],"wp:featuredmedia":[{"embeddable":true,"href":"http:\/\/desarrollo.grupomedios.com\/futbol\/wp-json\/wp\/v2\/media\/407308"}],"wp:attachment":[{"href":"http:\/\/desarrollo.grupomedios.com\/futbol\/wp-json\/wp\/v2\/media?parent=407306"}],"wp:term":[{"taxonomy":"category","embeddable":true,"href":"http:\/\/desarrollo.grupomedios.com\/futbol\/wp-json\/wp\/v2\/categories?post=407306"},{"taxonomy":"post_tag","embeddable":true,"href":"http:\/\/desarrollo.grupomedios.com\/futbol\/wp-json\/wp\/v2\/tags?post=407306"}],"curies":[{"name":"wp","href":"https:\/\/api.w.org\/{rel}","templated":true}]}}