{"id":407368,"date":"2016-06-29T18:31:05","date_gmt":"2016-06-29T23:31:05","guid":{"rendered":"http:\/\/www.futboltotal.com.mx\/?p=407368"},"modified":"2016-06-29T18:34:14","modified_gmt":"2016-06-29T23:34:14","slug":"diego-reyes-se-despide-de-la-real-sociedad","status":"publish","type":"post","link":"http:\/\/desarrollo.grupomedios.com\/futbol\/futbol-internacional\/diego-reyes-se-despide-de-la-real-sociedad\/2016\/06","title":{"rendered":"Diego Reyes se despide de la Real Sociedad"},"content":{"rendered":"<p>Termin\u00f3 el ciclo de <strong>Diego Reyes<\/strong> en la <strong>Real Sociedad<\/strong>. El defensa central mexicano volver\u00e1 al <strong>FC porto<\/strong> para realizar pretemporada a los \u00f3rdenes del nuevo entrenador Nuno Espirito Santo. Pero antes de partir, el <em>Flaco,\u00a0<\/em>public\u00f3 un mensaje de agradecimiento para la afici\u00f3n del conjunto donostiarra, que lo arrop\u00f3 desde su llegada al club en la temporada 2015-16.<\/p>\n<p>\u201cComo bien saben, mi ciclo en la Real Sociedad ha llegado a su fin. Por ello, mediante este medio quiero agradecer a todos los que hicieron de este a\u00f1o, un gran a\u00f1o, no solo en lo futbol\u00edstico, sino tambi\u00e9n en lo personal\u201d, escribi\u00f3<strong>\u00a0Diego Reyes<\/strong> a trav\u00e9s de su cuenta de <em>Twitter.<\/em><\/p>\n<p style=\"text-align: center;\"><span style=\"color: #3366ff;\"><strong><a style=\"color: #3366ff;\" href=\"http:\/\/www.futboltotal.com.mx\/futbol-internacional\/mexicanos-en-europa\/\">LEER M\u00c1S: Todas las noticias de mexicanos en Europa<\/a><\/strong><\/span><\/p>\n<blockquote class=\"twitter-tweet\" data-lang=\"es\">\n<p dir=\"ltr\" lang=\"es\">Mucho \u00e9xito, siempre agradecido con la afici\u00f3n que me hizo sentir como en casa <a href=\"https:\/\/twitter.com\/RealSociedad\">@RealSociedad<\/a> <a href=\"https:\/\/t.co\/y33FPwa5xh\">pic.twitter.com\/y33FPwa5xh<\/a><\/p>\n<p>\u2014 Diego Reyes (@Diego_Reyes13) <a href=\"https:\/\/twitter.com\/Diego_Reyes13\/status\/747875285236776960\">28 de junio de 2016<\/a><\/p><\/blockquote>\n<p><script src=\"\/\/platform.twitter.com\/widgets.js\" async=\"\" charset=\"utf-8\"><\/script><\/p>\n<p>\u201cAgradezco infinitamente a la afici\u00f3n por su cari\u00f1o y apoyo, as\u00ed como a la directiva y cuerpo t\u00e9cnico que me dio la confianza y minutos que tanto necesitaba, y espero encontrar en mi pr\u00f3ximo club. Les deseo el mayor de los \u00e9xitos, siempre los llevar\u00e9 en el coraz\u00f3n\u201d, a\u00f1adi\u00f3 el zaguero <em>azteca<\/em>, quien la pasada temporada disput\u00f3 2403 minutos a los largo de 28 partidos, adem\u00e1s de haber marcado un gol.<\/p>\n<p><strong>Reyes<\/strong>, al igual que su connacional H\u00e9ctor Herrera, no tiene definido si continuar\u00e1 con el <strong>Porto<\/strong>, club en el que tiene contrato hasta 2018. Por ahora tomar\u00e1 un breve periodo de vacaciones y en los pr\u00f3ximos d\u00edas reportar\u00e1 con el club, a la espera de saber si ser\u00e1 parte de la primera plantilla o en la entidad esperar\u00e0n una posible oferta en el mercado de fichajes de verano en Europa, que arranca del pr\u00f3ximo 1 de julio al 31 de agosto.<\/p>\n","protected":false},"excerpt":{"rendered":"<p>El central mexicano tiene pendiente definir su continuidad en el Porto<\/p>\n","protected":false},"author":20,"featured_media":407385,"comment_status":"closed","ping_status":"closed","sticky":false,"template":"","format":"standard","meta":[],"categories":[3839,6718,5951],"tags":[6006,4545],"_links":{"self":[{"href":"http:\/\/desarrollo.grupomedios.com\/futbol\/wp-json\/wp\/v2\/posts\/407368"}],"collection":[{"href":"http:\/\/desarrollo.grupomedios.com\/futbol\/wp-json\/wp\/v2\/posts"}],"about":[{"href":"http:\/\/desarrollo.grupomedios.com\/futbol\/wp-json\/wp\/v2\/types\/post"}],"author":[{"embeddable":true,"href":"http:\/\/desarrollo.grupomedios.com\/futbol\/wp-json\/wp\/v2\/users\/20"}],"replies":[{"embeddable":true,"href":"http:\/\/desarrollo.grupomedios.com\/futbol\/wp-json\/wp\/v2\/comments?post=407368"}],"version-history":[{"count":0,"href":"http:\/\/desarrollo.grupomedios.com\/futbol\/wp-json\/wp\/v2\/posts\/407368\/revisions"}],"wp:featuredmedia":[{"embeddable":true,"href":"http:\/\/desarrollo.grupomedios.com\/futbol\/wp-json\/wp\/v2\/media\/407385"}],"wp:attachment":[{"href":"http:\/\/desarrollo.grupomedios.com\/futbol\/wp-json\/wp\/v2\/media?parent=407368"}],"wp:term":[{"taxonomy":"category","embeddable":true,"href":"http:\/\/desarrollo.grupomedios.com\/futbol\/wp-json\/wp\/v2\/categories?post=407368"},{"taxonomy":"post_tag","embeddable":true,"href":"http:\/\/desarrollo.grupomedios.com\/futbol\/wp-json\/wp\/v2\/tags?post=407368"}],"curies":[{"name":"wp","href":"https:\/\/api.w.org\/{rel}","templated":true}]}}