{"id":407414,"date":"2016-06-29T19:34:42","date_gmt":"2016-06-30T00:34:42","guid":{"rendered":"http:\/\/www.futboltotal.com.mx\/?p=407414"},"modified":"2016-06-29T19:34:42","modified_gmt":"2016-06-30T00:34:42","slug":"duelo-camara-deportiva-nino","status":"publish","type":"post","link":"http:\/\/desarrollo.grupomedios.com\/futbol\/no-todo-es-futbol\/duelo-camara-deportiva-nino\/2016\/06","title":{"rendered":"\u00a1Duelo entre c\u00e1mara deportiva y ni\u00f1o!"},"content":{"rendered":"<p>En partido de <strong>beisbol<\/strong> de la College World Series, donde TCU se enfrent\u00f3 a Coastal Caro, una <strong>c\u00e1mara<\/strong> sorprendi\u00f3 a un <strong>ni\u00f1o<\/strong> que estaba en las gradas, quien ret\u00f3 al dispositivo con la mirada, lo que result\u00f3 en una contienda divertida para los televidentes. El jueg\u00f3 termin\u00f3 5-7, por lo que los visitantes, avanzaron a la siguiente ronda, para medirse ante Arizona.<\/p>\n<p style=\"text-align: center;\"><span style=\"color: #3366ff;\"><a style=\"color: #3366ff;\" href=\"http:\/\/www.futboltotal.com.mx\/2016\/06\/guia-supervivencia-chivas-tv\/\" target=\"_blank\"><strong>LEER M\u00c1S: Gu\u00eda de supervivencia para Chivas TV<\/strong><\/a><\/span><\/p>\n<p><iframe loading=\"lazy\" src=\"https:\/\/www.youtube.com\/embed\/mR7EB7w6xVI\" frameborder=\"0\" allowfullscreen=\"allowfullscreen\"><\/iframe><\/p>\n","protected":false},"excerpt":{"rendered":"<p>En partido de beisbol, trascendi\u00f3 una guerra de miradas<\/p>\n","protected":false},"author":20,"featured_media":407416,"comment_status":"closed","ping_status":"closed","sticky":false,"template":"","format":"standard","meta":[],"categories":[5812,5418,6411],"tags":[5771],"_links":{"self":[{"href":"http:\/\/desarrollo.grupomedios.com\/futbol\/wp-json\/wp\/v2\/posts\/407414"}],"collection":[{"href":"http:\/\/desarrollo.grupomedios.com\/futbol\/wp-json\/wp\/v2\/posts"}],"about":[{"href":"http:\/\/desarrollo.grupomedios.com\/futbol\/wp-json\/wp\/v2\/types\/post"}],"author":[{"embeddable":true,"href":"http:\/\/desarrollo.grupomedios.com\/futbol\/wp-json\/wp\/v2\/users\/20"}],"replies":[{"embeddable":true,"href":"http:\/\/desarrollo.grupomedios.com\/futbol\/wp-json\/wp\/v2\/comments?post=407414"}],"version-history":[{"count":0,"href":"http:\/\/desarrollo.grupomedios.com\/futbol\/wp-json\/wp\/v2\/posts\/407414\/revisions"}],"wp:featuredmedia":[{"embeddable":true,"href":"http:\/\/desarrollo.grupomedios.com\/futbol\/wp-json\/wp\/v2\/media\/407416"}],"wp:attachment":[{"href":"http:\/\/desarrollo.grupomedios.com\/futbol\/wp-json\/wp\/v2\/media?parent=407414"}],"wp:term":[{"taxonomy":"category","embeddable":true,"href":"http:\/\/desarrollo.grupomedios.com\/futbol\/wp-json\/wp\/v2\/categories?post=407414"},{"taxonomy":"post_tag","embeddable":true,"href":"http:\/\/desarrollo.grupomedios.com\/futbol\/wp-json\/wp\/v2\/tags?post=407414"}],"curies":[{"name":"wp","href":"https:\/\/api.w.org\/{rel}","templated":true}]}}