{"id":407467,"date":"2016-06-30T07:00:34","date_gmt":"2016-06-30T12:00:34","guid":{"rendered":"http:\/\/www.futboltotal.com.mx\/?p=407467"},"modified":"2016-06-30T11:32:50","modified_gmt":"2016-06-30T16:32:50","slug":"varios-pensaron-en-renunciar-al-tri-corona","status":"publish","type":"post","link":"http:\/\/desarrollo.grupomedios.com\/futbol\/futbol-mexicano\/varios-pensaron-en-renunciar-al-tri-corona\/2016\/06","title":{"rendered":"&#8220;Varios pensaron en renunciar al Tri&#8221;: Corona"},"content":{"rendered":"<p>La goleada hist\u00f3rica ante <strong>Chile<\/strong> en la <strong>Copa Am\u00e9rica<\/strong> tuvo efecto inmediato al interior de la <strong>Selecci\u00f3n Mexicana<\/strong>. Cuando los jugadores estaban en el vestuario varios de ellos pensaron en renunciar al <em>Tri<\/em>.<\/p>\n<p>El arquero <strong>Jos\u00e9 de Jes\u00fas Corona<\/strong>, quien vio desde el banquillo del MetLife Stadium\u00a0\u00a0los siete goles que el vigente campe\u00f3n asest\u00f3 a M\u00e9xico, revel\u00f3\u00a0lo que ocurri\u00f3 tras el partido de los Cuartos de Final.<\/p>\n<p style=\"text-align: center;\"><a href=\"http:\/\/www.futboltotal.com.mx\/2016\/06\/juan-carlos-osorio-renuncio-al-tri\/\"><span style=\"color: #3366ff;\"><strong>LEER M\u00c1S: Femexfut ratifica a Osorio<\/strong><\/span><\/a><\/p>\n<p>&#8220;Se vivieron momentos de impotencia. Algunos compa\u00f1eros pensaron en renunciar. Lo s\u00e9 porque lo platicamos despu\u00e9s al interior del grupo\u201d, expres\u00f3 Corona, quien aquella noche opt\u00f3 por no dar declaraciones a los medios.<\/p>\n<p>Despu\u00e9s de que la Femexfut ha ratificado a Juan Carlos Osorio como director t\u00e9cnico del Tri, Corona afirm\u00f3 que la derrota est\u00e1 asimilada y aquella posibilidad de colgar la camiseta, tomada por algunos mexicanos, es solo parte del anecdotario.<\/p>\n<p>\u201cFue un golpe muy duro el que se recibi\u00f3, pero creo que ese tipo de situaciones tan complicadas te deben fortalecer y depende del car\u00e1cter de cada uno salir adelante y reponerse de esas ca\u00eddas tan fuertes\u201d, acot\u00f3 Corona en entrevista con <em>La Opini\u00f3n de Los Angeles<\/em>.<\/p>\n","protected":false},"excerpt":{"rendered":"<p>El portero de M\u00e9xico cont\u00f3 lo que se vivieron los seleccionados tras la goleada de Chile<\/p>\n","protected":false},"author":20,"featured_media":407468,"comment_status":"closed","ping_status":"closed","sticky":false,"template":"","format":"standard","meta":[],"categories":[2198,3845,3847,5950],"tags":[2130,3320,65,409],"_links":{"self":[{"href":"http:\/\/desarrollo.grupomedios.com\/futbol\/wp-json\/wp\/v2\/posts\/407467"}],"collection":[{"href":"http:\/\/desarrollo.grupomedios.com\/futbol\/wp-json\/wp\/v2\/posts"}],"about":[{"href":"http:\/\/desarrollo.grupomedios.com\/futbol\/wp-json\/wp\/v2\/types\/post"}],"author":[{"embeddable":true,"href":"http:\/\/desarrollo.grupomedios.com\/futbol\/wp-json\/wp\/v2\/users\/20"}],"replies":[{"embeddable":true,"href":"http:\/\/desarrollo.grupomedios.com\/futbol\/wp-json\/wp\/v2\/comments?post=407467"}],"version-history":[{"count":0,"href":"http:\/\/desarrollo.grupomedios.com\/futbol\/wp-json\/wp\/v2\/posts\/407467\/revisions"}],"wp:featuredmedia":[{"embeddable":true,"href":"http:\/\/desarrollo.grupomedios.com\/futbol\/wp-json\/wp\/v2\/media\/407468"}],"wp:attachment":[{"href":"http:\/\/desarrollo.grupomedios.com\/futbol\/wp-json\/wp\/v2\/media?parent=407467"}],"wp:term":[{"taxonomy":"category","embeddable":true,"href":"http:\/\/desarrollo.grupomedios.com\/futbol\/wp-json\/wp\/v2\/categories?post=407467"},{"taxonomy":"post_tag","embeddable":true,"href":"http:\/\/desarrollo.grupomedios.com\/futbol\/wp-json\/wp\/v2\/tags?post=407467"}],"curies":[{"name":"wp","href":"https:\/\/api.w.org\/{rel}","templated":true}]}}