{"id":407495,"date":"2016-06-30T11:25:50","date_gmt":"2016-06-30T16:25:50","guid":{"rendered":"http:\/\/www.futboltotal.com.mx\/?p=407495"},"modified":"2016-06-30T11:25:50","modified_gmt":"2016-06-30T16:25:50","slug":"nuevo-refuerzo-azul-sin-presion-por-ganar-el-titulo-de-liga","status":"publish","type":"post","link":"http:\/\/desarrollo.grupomedios.com\/futbol\/futbol-mexicano\/nuevo-refuerzo-azul-sin-presion-por-ganar-el-titulo-de-liga\/2016\/06","title":{"rendered":"Refuerzo de Cruz Azul, sin presi\u00f3n por ganar el t\u00edtulo"},"content":{"rendered":"<p>El nuevo refuerzo de <strong>Cruz Azul<\/strong>, el argentino <strong>Jonathan Cristaldo<\/strong>, lleg\u00f3 a la Ciudad de M\u00e9xico para presentar los ex\u00e1menes m\u00e9dicos con\u00a0<em>La M\u00e1quina<\/em> y asegur\u00f3 que no se siente presionado por la ausencia de t\u00edtulos de Liga MX que tiene el club.<\/p>\n<p>&#8220;No es presi\u00f3n, la presi\u00f3n la tiene <strong>Cruz Azul <\/strong>cada torneo que comienza porque es un grande de M\u00e9xico y tiene que salir Campe\u00f3n todos los torneos, no es una presi\u00f3n que tenga 19 a\u00f1os sin t\u00edtulo, por ah\u00ed eso cuenta m\u00e1s que nada para los n\u00fameros, pero presi\u00f3n los jugadores van a tener cada torneo que comience&#8221;, explic\u00f3 el delantero.<\/p>\n<blockquote class=\"twitter-tweet\" data-lang=\"es\">\n<p dir=\"ltr\" lang=\"es\">Llegada a M\u00e9xico de Jonathan &#8220;Churry&#8221; Cristaldo, refuerzo de <a href=\"https:\/\/twitter.com\/Cruz_Azul_FC\">@Cruz_Azul_FC<\/a> en <a href=\"https:\/\/twitter.com\/AgendaFOXSports\">@AgendaFOXSports<\/a> <a href=\"https:\/\/twitter.com\/FOXSportsMX\">@FOXSportsMX<\/a> <a href=\"https:\/\/t.co\/pgywUf1mrP\">pic.twitter.com\/pgywUf1mrP<\/a><\/p>\n<p>\u2014 Valeria Mar\u00edn (@ValMarinR) <a href=\"https:\/\/twitter.com\/ValMarinR\/status\/748510317433393155\">30 de junio de 2016<\/a><\/p><\/blockquote>\n<p><script src=\"\/\/platform.twitter.com\/widgets.js\" async=\"\" charset=\"utf-8\"><\/script><\/p>\n<p>Adem\u00e1s, Cristaldo coment\u00f3 que ya hab\u00eda planeado venir a M\u00e9xico desde el a\u00f1o pasado, pues los\u00a0<em>Cementeros\u00a0<\/em>buscaron hacerse de sus servicios pero no pudieron concretar su pase.\u00a0&#8220;Ya hace un a\u00f1o que est\u00e1bamos hablando con <strong>Cruz Azul <\/strong>y no se dio en ese momento, pero hoy en d\u00eda se puede llegar a dar&#8221;.<\/p>\n<p style=\"text-align: center;\"><span style=\"color: #3366ff;\">LEER M\u00c1S:\u00a0<a style=\"color: #3366ff;\" href=\"http:\/\/www.futboltotal.com.mx\/2016\/06\/america-anuncia-regalo-aficion\/\">Estadio Azteca dar\u00e1 regalo a afici\u00f3n del Am\u00e9rica<\/a><\/span><\/p>\n<p>El argentino dijo conocer a su nuevo club, donde se mostr\u00f3 emocionado por el nuevo reto que tendr\u00e1 con\u00a0<em>La M\u00e1quina. &#8220;<\/em>S<span style=\"line-height: 1.5;\">\u00e9 que es un club gigante de <\/span>M\u00e9xico<span style=\"line-height: 1.5;\">. Para m\u00ed es un honor llegar ac\u00e1, s\u00e9 que hace varios a\u00f1os no salen campeones y que tiene la hinchada m\u00e1s fiel&#8221;, a\u00f1adi\u00f3.<\/span><\/p>\n<p>Cristaldo tendr\u00e1 que pasar los ex\u00e1menes m\u00e9dicos para que despu\u00e9s sea presentado en La Noria, donde se espera que firme un contrato por los pr\u00f3ximos tres a\u00f1os.<\/p>\n","protected":false},"excerpt":{"rendered":"<p>Jonathan Cristaldo se mostr\u00f3 entusiasmado por su llegada a La M\u00e1quina<\/p>\n","protected":false},"author":20,"featured_media":407497,"comment_status":"closed","ping_status":"closed","sticky":false,"template":"","format":"standard","meta":[],"categories":[2198,3845,5950],"tags":[5962,64],"_links":{"self":[{"href":"http:\/\/desarrollo.grupomedios.com\/futbol\/wp-json\/wp\/v2\/posts\/407495"}],"collection":[{"href":"http:\/\/desarrollo.grupomedios.com\/futbol\/wp-json\/wp\/v2\/posts"}],"about":[{"href":"http:\/\/desarrollo.grupomedios.com\/futbol\/wp-json\/wp\/v2\/types\/post"}],"author":[{"embeddable":true,"href":"http:\/\/desarrollo.grupomedios.com\/futbol\/wp-json\/wp\/v2\/users\/20"}],"replies":[{"embeddable":true,"href":"http:\/\/desarrollo.grupomedios.com\/futbol\/wp-json\/wp\/v2\/comments?post=407495"}],"version-history":[{"count":0,"href":"http:\/\/desarrollo.grupomedios.com\/futbol\/wp-json\/wp\/v2\/posts\/407495\/revisions"}],"wp:featuredmedia":[{"embeddable":true,"href":"http:\/\/desarrollo.grupomedios.com\/futbol\/wp-json\/wp\/v2\/media\/407497"}],"wp:attachment":[{"href":"http:\/\/desarrollo.grupomedios.com\/futbol\/wp-json\/wp\/v2\/media?parent=407495"}],"wp:term":[{"taxonomy":"category","embeddable":true,"href":"http:\/\/desarrollo.grupomedios.com\/futbol\/wp-json\/wp\/v2\/categories?post=407495"},{"taxonomy":"post_tag","embeddable":true,"href":"http:\/\/desarrollo.grupomedios.com\/futbol\/wp-json\/wp\/v2\/tags?post=407495"}],"curies":[{"name":"wp","href":"https:\/\/api.w.org\/{rel}","templated":true}]}}