{"id":407515,"date":"2016-06-30T13:19:14","date_gmt":"2016-06-30T18:19:14","guid":{"rendered":"http:\/\/www.futboltotal.com.mx\/?p=407515"},"modified":"2016-06-30T17:40:13","modified_gmt":"2016-06-30T22:40:13","slug":"oficial-del-bosque-deja-la-seleccion-espana","status":"publish","type":"post","link":"http:\/\/desarrollo.grupomedios.com\/futbol\/futbol-internacional\/oficial-del-bosque-deja-la-seleccion-espana\/2016\/06","title":{"rendered":"Del Bosque dejar la Selecci\u00f3n de Espa\u00f1a"},"content":{"rendered":"<p>El ciclo del director t\u00e9cnico <strong>Vicente del Bosque<\/strong> ha llegado a su fin con la selecci\u00f3n de <strong>Espa\u00f1a<\/strong>. Cuatro d\u00edas despu\u00e9s de haber ca\u00eddo eliminado en Cuartos de Final de la <strong>Eurocopa 2016<\/strong> a manos de Italia, el estratega ha presentado su dimisi\u00f3n al presidente de la Real Federaci\u00f3n Espa\u00f1ola de Futbol, \u00c1ngel del Villar.<\/p>\n<p>&#8220;Hablar\u00e9 con el presidente y decidiremos lo m\u00e1s conveniente para el futuro de la selecci\u00f3n espa\u00f1ola&#8221;, explic\u00f3 Del Bosque despu\u00e9s de la derrota 2-0 del lunes pasado en el Stade de France.<\/p>\n<p style=\"text-align: center;\"><span style=\"color: #3366ff;\"><strong><a style=\"color: #3366ff;\" href=\"http:\/\/www.futboltotal.com.mx\/eurocopa-2016\/\">LEER M\u00c1S: Definidos los Cuartos de Final de la Eurocopa<\/a><\/strong><\/span><\/p>\n<p>Digerido el tropez\u00f3n, la\u00a0tarde del pasado martes, el estratega sostuvo una reuni\u00f3n con el m\u00e1ximo dirigente de la RFEF, en la cual comunic\u00f3 la decisi\u00f3n de no dirigir m\u00e1s a Espa\u00f1a y dar oportunidad para comenzar un nuevo proyecto a la brevedad posible, toda vez que en poco m\u00e1s de dos meses, <em>La Roja<\/em> inicia el camino en las eliminatorias mundialistas de la EUFA para el Mundial de Rusia 2018.<\/p>\n<p><strong>Del Bosque\u00a0<\/strong>hab\u00eda contemplado dejar el banquillo de Espa\u00f1a previo a la Euro 2016. Fue el pasado mes de diciembre, cuando por primera vez se reuni\u00f3 con \u00c1ngel del Villar \u00a0y otros altos mandos de la RFEF para comunicar que, independientemente de si lograba o no el tricampeonato europeo, ten\u00eda definidos que terminar\u00eda su etapa como seleccionador.<\/p>\n<p>En Espa\u00f1a, el diario <em>Marca<\/em>\u00a0publica hoy que <strong>Del Bosque<\/strong> oficializar\u00e1 su fin de ciclo con Espa\u00f1a el pr\u00f3ximo 14 de julio, durante una asamblea en la que presentar\u00e1 un informe sobre los \u00faltimos meses de su gesti\u00f3n. En la RFEF ya habr\u00edan puesto sobre la mesa que Joaqu\u00edn Caparros sea el nuevo director t\u00e9cnico de<em> La Roja.\u00a0<\/em><\/p>\n","protected":false},"excerpt":{"rendered":"<p>Tras las eliminaci\u00f3n en la Euro, el DT pone fin a su etapa como seleccionador<\/p>\n","protected":false},"author":20,"featured_media":407533,"comment_status":"closed","ping_status":"closed","sticky":false,"template":"","format":"standard","meta":[],"categories":[6995,3839,6999,5951],"tags":[6152,1883],"_links":{"self":[{"href":"http:\/\/desarrollo.grupomedios.com\/futbol\/wp-json\/wp\/v2\/posts\/407515"}],"collection":[{"href":"http:\/\/desarrollo.grupomedios.com\/futbol\/wp-json\/wp\/v2\/posts"}],"about":[{"href":"http:\/\/desarrollo.grupomedios.com\/futbol\/wp-json\/wp\/v2\/types\/post"}],"author":[{"embeddable":true,"href":"http:\/\/desarrollo.grupomedios.com\/futbol\/wp-json\/wp\/v2\/users\/20"}],"replies":[{"embeddable":true,"href":"http:\/\/desarrollo.grupomedios.com\/futbol\/wp-json\/wp\/v2\/comments?post=407515"}],"version-history":[{"count":0,"href":"http:\/\/desarrollo.grupomedios.com\/futbol\/wp-json\/wp\/v2\/posts\/407515\/revisions"}],"wp:featuredmedia":[{"embeddable":true,"href":"http:\/\/desarrollo.grupomedios.com\/futbol\/wp-json\/wp\/v2\/media\/407533"}],"wp:attachment":[{"href":"http:\/\/desarrollo.grupomedios.com\/futbol\/wp-json\/wp\/v2\/media?parent=407515"}],"wp:term":[{"taxonomy":"category","embeddable":true,"href":"http:\/\/desarrollo.grupomedios.com\/futbol\/wp-json\/wp\/v2\/categories?post=407515"},{"taxonomy":"post_tag","embeddable":true,"href":"http:\/\/desarrollo.grupomedios.com\/futbol\/wp-json\/wp\/v2\/tags?post=407515"}],"curies":[{"name":"wp","href":"https:\/\/api.w.org\/{rel}","templated":true}]}}