{"id":407598,"date":"2016-06-30T13:29:10","date_gmt":"2016-06-30T18:29:10","guid":{"rendered":"http:\/\/www.futboltotal.com.mx\/?p=407598"},"modified":"2016-06-30T16:12:25","modified_gmt":"2016-06-30T21:12:25","slug":"suena-oribe-peralta-reforzar-al-tri-olimpico","status":"publish","type":"post","link":"http:\/\/desarrollo.grupomedios.com\/futbol\/destacado-home\/suena-oribe-peralta-reforzar-al-tri-olimpico\/2016\/06","title":{"rendered":"Oribe Peralta&#8230; \u00bfpor otro Oro en Ol\u00edmpicos?"},"content":{"rendered":"<p>Tras la negativa de los clubes europeos por prestar a delanteros como Javier Hern\u00e1ndez y Ra\u00fal Jim\u00e9nez para reforzar a la Selecci\u00f3n Mexicana Sub -23, este jueves ha sonado que <strong>Oribe Peralta<\/strong> podr\u00eda reforzar al Tri en los Juegos Ol\u00edmpicos de R\u00edo 2016.<\/p>\n<p>La posibilidad de que Ra\u00fal pueda jugar sus segundos Juegos Ol\u00edmpicos se ve complicada con el Benfica, pero qui\u00e9n s\u00ed tendr\u00eda su segunda participaci\u00f3n e ir\u00eda por otro Oro ser\u00eda<strong> Peralta,<\/strong> aunque falta esperar los detalles de Jim\u00e9nez y tambi\u00e9n el diagnostico de Alfredo Talavera, quien el d\u00eda de ayer tuvo un golpe en el amistoso.<\/p>\n<p>\u201cSabemos lo de Talavera, lamentable lo que pas\u00f3 ayer; lo de <strong>Ra\u00fal<\/strong>, que a lo mejor no lo dejan, pero sabemos de <strong>Oribe<\/strong> que puede venir, pero con los que sea estamos motivados porque van a llegar a sumar\u201d, dijo el delantero del Tri Ol\u00edmpico, Carlos Fierro.<\/p>\n<p style=\"text-align: center;\"><span style=\"color: #3366ff;\">LEER M\u00c1S:\u00a0<a style=\"color: #3366ff;\" href=\"http:\/\/www.futboltotal.com.mx\/2016\/06\/america-anuncia-regalo-aficion\/\">Estadio Azteca dar\u00e1 regalo a afici\u00f3n del Am\u00e9rica<\/a><\/span><\/p>\n<blockquote class=\"twitter-tweet\" data-lang=\"es\">\n<p dir=\"ltr\" lang=\"es\"><a href=\"https:\/\/twitter.com\/hashtag\/Sub23?src=hash\">#Sub23<\/a> Les compartimos las palabras de <a href=\"https:\/\/twitter.com\/werofierro\">@werofierro<\/a>, <a href=\"https:\/\/twitter.com\/marcobueno11\">@marcobueno11<\/a> y <a href=\"https:\/\/twitter.com\/CJasib\">@CJasib<\/a> a los medios, luego de la pr\u00e1ctica <a href=\"https:\/\/t.co\/1oidw9RkMY\">https:\/\/t.co\/1oidw9RkMY<\/a><\/p>\n<p>\u2014 Selecci\u00f3n Nacional (@miseleccionmx) <a href=\"https:\/\/twitter.com\/miseleccionmx\/status\/748609064096063489\">30 de junio de 2016<\/a><\/p><\/blockquote>\n<p><script src=\"\/\/platform.twitter.com\/widgets.js\" async=\"\" charset=\"utf-8\"><\/script><\/p>\n<p>La llegada de <strong>Oribe<\/strong> ser\u00eda para mejorar la parte ofensiva del conjunto mexicano, pues al igual que hace cuatro a\u00f1os es una de las posiciones en las que m\u00e1s faltan jugadores y\u00a0<em>El Hermoso\u00a0<\/em>ya demostr\u00f3 su calidad con dos goles en la Final ante Brasil.<\/p>\n<p>Por otro lado, el\u00a0portero de Toluca se ten\u00eda que haber unido la noche de ayer a la concentraci\u00f3n junto con Hirving Lozano, pero debido a su lesi\u00f3n en el amistoso que disputaron, solo lleg\u00f3 el <em>Chucky\u00a0<\/em>y no ambos como se esperaba.<\/p>\n<p>\u201cYa se est\u00e1 a nada de que se d\u00e9 la lista y conociendo al Profe, se va a dar cuenta hasta el \u00faltimo momento y qu\u00e9 mejor que sea con un partido. El nerviosismo est\u00e1 desde que llegamos pero hay que trasladarlo a algo positivo\u201d, coment\u00f3 Fierro, que actualmente forma parte de los 25 jugadores que entrenan en el CAR.<\/p>\n","protected":false},"excerpt":{"rendered":"<p>El delantero americanista buscar\u00eda otro Oro Ol\u00edmpico<\/p>\n","protected":false},"author":20,"featured_media":407607,"comment_status":"closed","ping_status":"closed","sticky":false,"template":"","format":"standard","meta":[],"categories":[5,2198,3845,3847],"tags":[62,5979],"_links":{"self":[{"href":"http:\/\/desarrollo.grupomedios.com\/futbol\/wp-json\/wp\/v2\/posts\/407598"}],"collection":[{"href":"http:\/\/desarrollo.grupomedios.com\/futbol\/wp-json\/wp\/v2\/posts"}],"about":[{"href":"http:\/\/desarrollo.grupomedios.com\/futbol\/wp-json\/wp\/v2\/types\/post"}],"author":[{"embeddable":true,"href":"http:\/\/desarrollo.grupomedios.com\/futbol\/wp-json\/wp\/v2\/users\/20"}],"replies":[{"embeddable":true,"href":"http:\/\/desarrollo.grupomedios.com\/futbol\/wp-json\/wp\/v2\/comments?post=407598"}],"version-history":[{"count":0,"href":"http:\/\/desarrollo.grupomedios.com\/futbol\/wp-json\/wp\/v2\/posts\/407598\/revisions"}],"wp:featuredmedia":[{"embeddable":true,"href":"http:\/\/desarrollo.grupomedios.com\/futbol\/wp-json\/wp\/v2\/media\/407607"}],"wp:attachment":[{"href":"http:\/\/desarrollo.grupomedios.com\/futbol\/wp-json\/wp\/v2\/media?parent=407598"}],"wp:term":[{"taxonomy":"category","embeddable":true,"href":"http:\/\/desarrollo.grupomedios.com\/futbol\/wp-json\/wp\/v2\/categories?post=407598"},{"taxonomy":"post_tag","embeddable":true,"href":"http:\/\/desarrollo.grupomedios.com\/futbol\/wp-json\/wp\/v2\/tags?post=407598"}],"curies":[{"name":"wp","href":"https:\/\/api.w.org\/{rel}","templated":true}]}}