{"id":407611,"date":"2016-06-30T16:14:35","date_gmt":"2016-06-30T21:14:35","guid":{"rendered":"http:\/\/www.futboltotal.com.mx\/?p=407611"},"modified":"2016-06-30T16:15:32","modified_gmt":"2016-06-30T21:15:32","slug":"raul-ruidiaz-nuevo-jugador-del-morelia","status":"publish","type":"post","link":"http:\/\/desarrollo.grupomedios.com\/futbol\/futbol-mexicano\/raul-ruidiaz-nuevo-jugador-del-morelia\/2016\/06","title":{"rendered":"Ra\u00fal Ruid\u00edaz, nuevo jugador del Morelia"},"content":{"rendered":"<p>El delantero peruano <strong>Ra\u00fal Ruid\u00edaz<\/strong> se incorpor\u00f3 este 30 de junio a <a href=\"http:\/\/www.futboltotal.com.mx\/equipos\/morelia\/\" target=\"_blank\"><strong>Monarcas del Morelia<\/strong><\/a> como \u00faltimo refuerzo para el torneo Apertura, inform\u00f3 hoy el equipo mexicano.<\/p>\n<blockquote class=\"twitter-tweet\" data-lang=\"es\">\n<p dir=\"ltr\" lang=\"es\"><a href=\"https:\/\/twitter.com\/hashtag\/RefuerzoMonarca?src=hash\">#RefuerzoMonarca<\/a> \u26bd<a href=\"https:\/\/twitter.com\/RaulRuidiazM\">@RaulRuidiazM<\/a> ya es rojiamarillo, \u00a1a luchar <a href=\"https:\/\/twitter.com\/hashtag\/HastaElUltimoAliento?src=hash\">#HastaElUltimoAliento<\/a>! <a href=\"https:\/\/t.co\/MR8evHWqpi\">https:\/\/t.co\/MR8evHWqpi<\/a> <a href=\"https:\/\/t.co\/iIj2WlxRKs\">pic.twitter.com\/iIj2WlxRKs<\/a><\/p>\n<p>\u2014 Monarcas Morelia (@FuerzaMonarca) <a href=\"https:\/\/twitter.com\/FuerzaMonarca\/status\/748584530085191680\">30 de junio de 2016<\/a><\/p><\/blockquote>\n<p><script src=\"\/\/platform.twitter.com\/widgets.js\" async=\"\" charset=\"utf-8\"><\/script><\/p>\n<p><strong>Ra\u00fal Ruid\u00edaz<\/strong>, de 25 a\u00f1os, cubri\u00f3 los ex\u00e1menes m\u00e9dicos y firm\u00f3 el contrato que lo vincula al plantel que tiene como director t\u00e9cnico al mexicano Enrique Meza, se\u00f1al\u00f3 el equipo en un comunicado a la prensa. El presidente del <strong>Morelia<\/strong>, \u00c1lvaro D\u00e1vila, confirm\u00f3 que el delantero peruano lleg\u00f3 en calidad de pr\u00e9stamo con opci\u00f3n a un a\u00f1o.<\/p>\n<p style=\"text-align: center;\"><span style=\"color: #3366ff;\"><a style=\"color: #3366ff;\" href=\"http:\/\/www.futboltotal.com.mx\/2016\/06\/calendarios-personalizados-apertura-2016\/\" target=\"_blank\"><strong>LEER M\u00c1S: El calendario del Morelia, para el Apertura 2016<\/strong><\/a><\/span><\/p>\n<p>El delantero peruano, que fue m\u00e1ximo goleador en Per\u00fa hace tres temporadas, con 21 goles, ser\u00e1 el \u00faltimo refuerzo del <strong>Morelia<\/strong> para el torneo que comenzar\u00e1 el 15 de julio.<\/p>\n<p>Ruid\u00edaz &#8220;ha demostrado ser un delantero letal en el arco rival marcando goles con la cabeza o con el pie, siendo un verdadero peligro dentro del \u00e1rea&#8221;, asegur\u00f3 el equipo <strong>Morelia<\/strong>.<\/p>\n<p>Ruid\u00edaz ha sido jugador de los equipos peruanos Am\u00e9rica de Cochahuayco, Universitario de Deportes y Melgar, del chileno Universidad de Chile y del Coritiba brasile\u00f1o. Fue campe\u00f3n con Universitario de Deportes y la Universidad de Chile.<\/p>\n<p>Con 15 partidos y tres anotaciones como internacional, Ruizd\u00edaz termin\u00f3 tercero con la selecci\u00f3n en la Copa Am\u00e9rica 2011.<\/p>\n<p>Para este torneo, el <strong>Morelia<\/strong> ha fichado a los chileno Diego Vald\u00e9s y Sebasti\u00e1n Vegas, al ecuatoriano Cristian Penilla y a los mexicanos David Cabrera, Hugo Rodr\u00edguez, Yasir Urbina y Eduardo Ch\u00e1vez.<\/p>\n<p><span style=\"color: #ff0000;\"><strong>VIDEO<\/strong>: Antes figuras, hoy desechos de la Liga MX<\/span><\/p>\n<p>[video_player]https:\/\/player.vimeo.com\/external\/172775164.sd.mp4?s=6df725f59351d09afdbef1c2ce396b6ce4a080be&amp;profile_id=165[\/video_player]<\/p>\n","protected":false},"excerpt":{"rendered":"<p>El futbolista que elimin\u00f3 a Brasil, jugar\u00e1 en el Apertura 2016<\/p>\n","protected":false},"author":144,"featured_media":407619,"comment_status":"closed","ping_status":"closed","sticky":false,"template":"","format":"standard","meta":[],"categories":[2198,3845,5950],"tags":[64,5967],"_links":{"self":[{"href":"http:\/\/desarrollo.grupomedios.com\/futbol\/wp-json\/wp\/v2\/posts\/407611"}],"collection":[{"href":"http:\/\/desarrollo.grupomedios.com\/futbol\/wp-json\/wp\/v2\/posts"}],"about":[{"href":"http:\/\/desarrollo.grupomedios.com\/futbol\/wp-json\/wp\/v2\/types\/post"}],"author":[{"embeddable":true,"href":"http:\/\/desarrollo.grupomedios.com\/futbol\/wp-json\/wp\/v2\/users\/144"}],"replies":[{"embeddable":true,"href":"http:\/\/desarrollo.grupomedios.com\/futbol\/wp-json\/wp\/v2\/comments?post=407611"}],"version-history":[{"count":0,"href":"http:\/\/desarrollo.grupomedios.com\/futbol\/wp-json\/wp\/v2\/posts\/407611\/revisions"}],"wp:featuredmedia":[{"embeddable":true,"href":"http:\/\/desarrollo.grupomedios.com\/futbol\/wp-json\/wp\/v2\/media\/407619"}],"wp:attachment":[{"href":"http:\/\/desarrollo.grupomedios.com\/futbol\/wp-json\/wp\/v2\/media?parent=407611"}],"wp:term":[{"taxonomy":"category","embeddable":true,"href":"http:\/\/desarrollo.grupomedios.com\/futbol\/wp-json\/wp\/v2\/categories?post=407611"},{"taxonomy":"post_tag","embeddable":true,"href":"http:\/\/desarrollo.grupomedios.com\/futbol\/wp-json\/wp\/v2\/tags?post=407611"}],"curies":[{"name":"wp","href":"https:\/\/api.w.org\/{rel}","templated":true}]}}