{"id":407623,"date":"2016-06-30T16:36:51","date_gmt":"2016-06-30T21:36:51","guid":{"rendered":"http:\/\/www.futboltotal.com.mx\/?p=407623"},"modified":"2016-06-30T17:01:25","modified_gmt":"2016-06-30T22:01:25","slug":"sosa-asegura-nunca-se-nego-ir-a-tigres","status":"publish","type":"post","link":"http:\/\/desarrollo.grupomedios.com\/futbol\/futbol-mexicano\/sosa-asegura-nunca-se-nego-ir-a-tigres\/2016\/06","title":{"rendered":"Sosa asegura que nunca se neg\u00f3 para ir a Tigres"},"content":{"rendered":"<p>En un videochat realizado por los <span style=\"color: #ff0000;\"><a style=\"color: #ff0000;\" href=\"http:\/\/futboltotal.com.mx\/equipos\/tigres\/\">Tigres<\/a><\/span> en sus redes sociales, el nuevo refuerzo felino, <strong>Ismael Sosa<\/strong>, asegur\u00f3 que jam\u00e1s dijo que no quer\u00eda ser transferido al equipo dirigido por Ricardo Ferretti.<\/p>\n<p>&#8220;Aprovechar para decirle a la gente que yo en ning\u00fan momento dije que no quer\u00eda venir al club, nunca habl\u00e9 con ning\u00fan periodista&#8221;, explic\u00f3 Sosa.<\/p>\n<p>El delantero argentino coment\u00f3 que nunca habl\u00f3 con los medios de comunicaci\u00f3n mientras su traspaso se negociaba, pues estuvo desmintiendo los rumores a trav\u00e9s de su cuenta de twitter mientras disfrutaba de sus vacaciones en Argentina y Las Vegas.<\/p>\n<blockquote class=\"twitter-tweet\" data-lang=\"es\">\n<p dir=\"ltr\" lang=\"es\">Con mi nuevo <a href=\"https:\/\/twitter.com\/hashtag\/friend?src=hash\">#friend<\/a> <a href=\"https:\/\/twitter.com\/neymarjr\">@neymarjr<\/a> <a href=\"https:\/\/twitter.com\/hashtag\/neymar?src=hash\">#neymar<\/a> disfrutando de <a href=\"https:\/\/twitter.com\/hashtag\/lasvegas?src=hash\">#lasvegas<\/a> <a href=\"https:\/\/t.co\/sL5TAKlOBm\">pic.twitter.com\/sL5TAKlOBm<\/a><\/p>\n<p>\u2014 Ismael Sosa (@ismasosa18) <a href=\"https:\/\/twitter.com\/ismasosa18\/status\/741993925095886849\">12 de junio de 2016<\/a><\/p><\/blockquote>\n<p><script src=\"\/\/platform.twitter.com\/widgets.js\" async=\"\" charset=\"utf-8\"><\/script><\/p>\n<p><span style=\"color: #3366ff;\">LEER M\u00c1S:\u00a0<a style=\"color: #3366ff;\" href=\"http:\/\/www.futboltotal.com.mx\/2016\/06\/raul-ruidiaz-nuevo-jugador-del-morelia\/\">Ra\u00fal Ruid\u00edaz, nuevo jugador del Morelia<\/a><\/span><\/p>\n<p><strong>Sosa<\/strong>\u00a0tambi\u00e9n se dio tiempo para hablar sobre el\u00a0<em>Tuca\u00a0<\/em>Ferretti, de quien declar\u00f3 que lo considera un t\u00e9cnico bastante inteligente y que buscar\u00e1n pelear todos los torneos que jueguen, pues considera que tienen un equipazo para lograr grandes cosas.<\/p>\n<blockquote class=\"twitter-tweet\" data-lang=\"es\"><p>\n<a href=\"https:\/\/twitter.com\/hashtag\/gym?src=hash\">#gym<\/a> <a href=\"https:\/\/twitter.com\/hashtag\/time?src=hash\">#time<\/a>  <a href=\"https:\/\/t.co\/2TJCzDDR0Z\">pic.twitter.com\/2TJCzDDR0Z<\/a><\/p>\n<p>\u2014 Ismael Sosa (@ismasosa18) <a href=\"https:\/\/twitter.com\/ismasosa18\/status\/745954310199050240\">23 de junio de 2016<\/a>\n<\/p><\/blockquote>\n<p><script src=\"\/\/platform.twitter.com\/widgets.js\" async=\"\" charset=\"utf-8\"><\/script><\/p>\n","protected":false},"excerpt":{"rendered":"<p>Explic\u00f3 mediante un video que nunca dio declaraciones al respecto<\/p>\n","protected":false},"author":20,"featured_media":407632,"comment_status":"closed","ping_status":"closed","sticky":false,"template":"","format":"standard","meta":[],"categories":[2198,3845,5950],"tags":[4505,64,5973],"_links":{"self":[{"href":"http:\/\/desarrollo.grupomedios.com\/futbol\/wp-json\/wp\/v2\/posts\/407623"}],"collection":[{"href":"http:\/\/desarrollo.grupomedios.com\/futbol\/wp-json\/wp\/v2\/posts"}],"about":[{"href":"http:\/\/desarrollo.grupomedios.com\/futbol\/wp-json\/wp\/v2\/types\/post"}],"author":[{"embeddable":true,"href":"http:\/\/desarrollo.grupomedios.com\/futbol\/wp-json\/wp\/v2\/users\/20"}],"replies":[{"embeddable":true,"href":"http:\/\/desarrollo.grupomedios.com\/futbol\/wp-json\/wp\/v2\/comments?post=407623"}],"version-history":[{"count":0,"href":"http:\/\/desarrollo.grupomedios.com\/futbol\/wp-json\/wp\/v2\/posts\/407623\/revisions"}],"wp:featuredmedia":[{"embeddable":true,"href":"http:\/\/desarrollo.grupomedios.com\/futbol\/wp-json\/wp\/v2\/media\/407632"}],"wp:attachment":[{"href":"http:\/\/desarrollo.grupomedios.com\/futbol\/wp-json\/wp\/v2\/media?parent=407623"}],"wp:term":[{"taxonomy":"category","embeddable":true,"href":"http:\/\/desarrollo.grupomedios.com\/futbol\/wp-json\/wp\/v2\/categories?post=407623"},{"taxonomy":"post_tag","embeddable":true,"href":"http:\/\/desarrollo.grupomedios.com\/futbol\/wp-json\/wp\/v2\/tags?post=407623"}],"curies":[{"name":"wp","href":"https:\/\/api.w.org\/{rel}","templated":true}]}}