{"id":407646,"date":"2016-07-02T17:33:36","date_gmt":"2016-07-02T22:33:36","guid":{"rendered":"http:\/\/www.futboltotal.com.mx\/?p=407646"},"modified":"2016-07-02T17:34:20","modified_gmt":"2016-07-02T22:34:20","slug":"portugal-primer-semifinalista-la-euro","status":"publish","type":"post","link":"http:\/\/desarrollo.grupomedios.com\/futbol\/destacado-home\/portugal-primer-semifinalista-la-euro\/2016\/07","title":{"rendered":"Semifinales de la Eurocopa&#8230; al momento"},"content":{"rendered":"<p>La selecci\u00f3n de <strong>Gales<\/strong> se convirti\u00f3 en el segundo semifinalista de la <strong>Eurocopa 2016<\/strong> tras vencer a B\u00e9lgica e <a href=\"http:\/\/www.futboltotal.com.mx\/2016\/07\/gales-clasifica-a-las-semifinales-la-eurocopa\/\">hizo historia al meterse por primera vez a Semifinales.<\/a>\u00a0Por su parte,\u00a0<strong>Alemania<\/strong> fue contra todo pron\u00f3stico e historia para vencer por primera vez en partido oficial a\u00a0<strong>Italia<\/strong> en tanda de penales 1-1 (6-5).<\/p>\n<p><a href=\"http:\/\/www.futboltotal.com.mx\/wp-content\/uploads\/2016\/07\/semifinales-eurocopa-alemania.jpg\"><img decoding=\"async\" loading=\"lazy\" class=\"alignnone size-full wp-image-408068\" src=\"http:\/\/www.futboltotal.com.mx\/wp-content\/uploads\/2016\/07\/semifinales-eurocopa-alemania.jpg\" alt=\"semifinales-eurocopa-alemania\" srcset=\"http:\/\/desarrollo.grupomedios.com\/futbol\/wp-content\/uploads\/2016\/07\/semifinales-eurocopa-alemania.jpg 858w, http:\/\/desarrollo.grupomedios.com\/futbol\/wp-content\/uploads\/2016\/07\/semifinales-eurocopa-alemania-300x151.jpg 300w, http:\/\/desarrollo.grupomedios.com\/futbol\/wp-content\/uploads\/2016\/07\/semifinales-eurocopa-alemania-768x386.jpg 768w, http:\/\/desarrollo.grupomedios.com\/futbol\/wp-content\/uploads\/2016\/07\/semifinales-eurocopa-alemania-340x171.jpg 340w\" sizes=\"(max-width: 858px) 100vw, 858px\" \/><\/a><\/p>\n<p>Con estos resultados, los\u00a0<em>Dragones\u00a0<\/em>cerraron la primera llave de Semifinales del torneo y se enfrentar\u00e1n a <strong>Portugal<\/strong> el pr\u00f3ximo mi\u00e9rcoles en el estadio de Lyon. Mientras que la\u00a0<em>Mannschaft<\/em> espera rival, mismo que se conocer\u00e1 el domingo despu\u00e9s del choque entre el anfritri\u00f3n, Francia y la sorpresiva Islandia.<\/p>\n<blockquote class=\"twitter-tweet\" data-lang=\"es\">\n<p dir=\"ltr\" lang=\"es\">\u00a1<a href=\"https:\/\/twitter.com\/hashtag\/GER?src=hash\">#GER<\/a> se mete en las semifinales tras vencer a <a href=\"https:\/\/twitter.com\/hashtag\/ITA?src=hash\">#ITA<\/a> en la tanda de penaltis por 6-5! \u00a1S\u00f3lo queda una plaza libre! <a href=\"https:\/\/t.co\/9yJ9gLShCu\">pic.twitter.com\/9yJ9gLShCu<\/a><\/p>\n<p>\u2014 UEFA.com en espa\u00f1ol (@UEFAcom_es) <a href=\"https:\/\/twitter.com\/UEFAcom_es\/status\/749360859131117569\">2 de julio de 2016<\/a><\/p><\/blockquote>\n<p><script src=\"\/\/platform.twitter.com\/widgets.js\" async=\"\" charset=\"utf-8\"><\/script><\/p>\n<p>&nbsp;<\/p>\n<p>&nbsp;<\/p>\n","protected":false},"excerpt":{"rendered":"<p>Alemania espera rival en la antesala de la final<\/p>\n","protected":false},"author":20,"featured_media":408068,"comment_status":"closed","ping_status":"closed","sticky":false,"template":"","format":"standard","meta":[],"categories":[5,6995,3839,6999],"tags":[2236],"_links":{"self":[{"href":"http:\/\/desarrollo.grupomedios.com\/futbol\/wp-json\/wp\/v2\/posts\/407646"}],"collection":[{"href":"http:\/\/desarrollo.grupomedios.com\/futbol\/wp-json\/wp\/v2\/posts"}],"about":[{"href":"http:\/\/desarrollo.grupomedios.com\/futbol\/wp-json\/wp\/v2\/types\/post"}],"author":[{"embeddable":true,"href":"http:\/\/desarrollo.grupomedios.com\/futbol\/wp-json\/wp\/v2\/users\/20"}],"replies":[{"embeddable":true,"href":"http:\/\/desarrollo.grupomedios.com\/futbol\/wp-json\/wp\/v2\/comments?post=407646"}],"version-history":[{"count":0,"href":"http:\/\/desarrollo.grupomedios.com\/futbol\/wp-json\/wp\/v2\/posts\/407646\/revisions"}],"wp:featuredmedia":[{"embeddable":true,"href":"http:\/\/desarrollo.grupomedios.com\/futbol\/wp-json\/wp\/v2\/media\/408068"}],"wp:attachment":[{"href":"http:\/\/desarrollo.grupomedios.com\/futbol\/wp-json\/wp\/v2\/media?parent=407646"}],"wp:term":[{"taxonomy":"category","embeddable":true,"href":"http:\/\/desarrollo.grupomedios.com\/futbol\/wp-json\/wp\/v2\/categories?post=407646"},{"taxonomy":"post_tag","embeddable":true,"href":"http:\/\/desarrollo.grupomedios.com\/futbol\/wp-json\/wp\/v2\/tags?post=407646"}],"curies":[{"name":"wp","href":"https:\/\/api.w.org\/{rel}","templated":true}]}}