{"id":407681,"date":"2016-06-30T17:37:59","date_gmt":"2016-06-30T22:37:59","guid":{"rendered":"http:\/\/www.futboltotal.com.mx\/?p=407681"},"modified":"2016-06-30T17:37:59","modified_gmt":"2016-06-30T22:37:59","slug":"filtran-nuevo-uniforme-santos-laguna","status":"publish","type":"post","link":"http:\/\/desarrollo.grupomedios.com\/futbol\/futbol-mexicano\/filtran-nuevo-uniforme-santos-laguna\/2016\/06","title":{"rendered":"Filtran el nuevo uniforme de Santos Laguna"},"content":{"rendered":"<p>Con el\u00a0<strong>Apertura 2016<\/strong> cada vez m\u00e1s cerca, uno de los principales temas que causa morbo entre los aficionados es el <strong>uniforme<\/strong> que portar\u00e1 el equipo durante el a\u00f1o futbol\u00edstico; en este rubro, los seguidores de <a href=\"http:\/\/futboltotal.com.mx\/equipos\/santos\/\" target=\"_blank\"><strong>Santos Laguna<\/strong><\/a> ya no tendr\u00e1n duda despu\u00e9s que se filtraran las im\u00e1genes de la playera.<\/p>\n<p><a href=\"http:\/\/www.futboltotal.com.mx\/wp-content\/uploads\/2016\/06\/santos-laguna-uniforme-apertura-2016-1.jpg\"><img decoding=\"async\" loading=\"lazy\" class=\"alignnone size-full wp-image-407682\" src=\"http:\/\/www.futboltotal.com.mx\/wp-content\/uploads\/2016\/06\/santos-laguna-uniforme-apertura-2016-1.jpg\" alt=\"santos-laguna-uniforme-apertura-2016-1\" srcset=\"http:\/\/desarrollo.grupomedios.com\/futbol\/wp-content\/uploads\/2016\/06\/santos-laguna-uniforme-apertura-2016-1.jpg 640w, http:\/\/desarrollo.grupomedios.com\/futbol\/wp-content\/uploads\/2016\/06\/santos-laguna-uniforme-apertura-2016-1-282x300.jpg 282w\" sizes=\"(max-width: 640px) 100vw, 640px\" \/><\/a><\/p>\n<p>Destaca el dise\u00f1o de visitante, que en esta ocasi\u00f3n ser\u00e1 verde con negro, dividido por franjas horizontales.<\/p>\n<p><a href=\"http:\/\/www.futboltotal.com.mx\/wp-content\/uploads\/2016\/06\/santos-laguna-uniforme-apertura-2016-2.jpg\"><img decoding=\"async\" loading=\"lazy\" class=\"alignnone size-full wp-image-407684\" src=\"http:\/\/www.futboltotal.com.mx\/wp-content\/uploads\/2016\/06\/santos-laguna-uniforme-apertura-2016-2.jpg\" alt=\"santos-laguna-uniforme-apertura-2016-2\" srcset=\"http:\/\/desarrollo.grupomedios.com\/futbol\/wp-content\/uploads\/2016\/06\/santos-laguna-uniforme-apertura-2016-2.jpg 640w, http:\/\/desarrollo.grupomedios.com\/futbol\/wp-content\/uploads\/2016\/06\/santos-laguna-uniforme-apertura-2016-2-282x300.jpg 282w\" sizes=\"(max-width: 640px) 100vw, 640px\" \/><\/a><\/p>\n<p><span style=\"color: #ff0000;\"><strong>VIDEO<\/strong>: Antes figuras, hoy desechos de la Liga MX<\/span><\/p>\n<p>[video_player]https:\/\/player.vimeo.com\/external\/172775164.sd.mp4?s=6df725f59351d09afdbef1c2ce396b6ce4a080be&amp;profile_id=165[\/video_player]<\/p>\n","protected":false},"excerpt":{"rendered":"<p>Los Guerreros volvieron a tener un cambio radical <\/p>\n","protected":false},"author":20,"featured_media":407685,"comment_status":"closed","ping_status":"closed","sticky":false,"template":"","format":"standard","meta":[],"categories":[2198,3845,5950],"tags":[5972],"_links":{"self":[{"href":"http:\/\/desarrollo.grupomedios.com\/futbol\/wp-json\/wp\/v2\/posts\/407681"}],"collection":[{"href":"http:\/\/desarrollo.grupomedios.com\/futbol\/wp-json\/wp\/v2\/posts"}],"about":[{"href":"http:\/\/desarrollo.grupomedios.com\/futbol\/wp-json\/wp\/v2\/types\/post"}],"author":[{"embeddable":true,"href":"http:\/\/desarrollo.grupomedios.com\/futbol\/wp-json\/wp\/v2\/users\/20"}],"replies":[{"embeddable":true,"href":"http:\/\/desarrollo.grupomedios.com\/futbol\/wp-json\/wp\/v2\/comments?post=407681"}],"version-history":[{"count":0,"href":"http:\/\/desarrollo.grupomedios.com\/futbol\/wp-json\/wp\/v2\/posts\/407681\/revisions"}],"wp:featuredmedia":[{"embeddable":true,"href":"http:\/\/desarrollo.grupomedios.com\/futbol\/wp-json\/wp\/v2\/media\/407685"}],"wp:attachment":[{"href":"http:\/\/desarrollo.grupomedios.com\/futbol\/wp-json\/wp\/v2\/media?parent=407681"}],"wp:term":[{"taxonomy":"category","embeddable":true,"href":"http:\/\/desarrollo.grupomedios.com\/futbol\/wp-json\/wp\/v2\/categories?post=407681"},{"taxonomy":"post_tag","embeddable":true,"href":"http:\/\/desarrollo.grupomedios.com\/futbol\/wp-json\/wp\/v2\/tags?post=407681"}],"curies":[{"name":"wp","href":"https:\/\/api.w.org\/{rel}","templated":true}]}}