{"id":407695,"date":"2016-06-30T18:30:23","date_gmt":"2016-06-30T23:30:23","guid":{"rendered":"http:\/\/www.futboltotal.com.mx\/?p=407695"},"modified":"2016-06-30T18:41:50","modified_gmt":"2016-06-30T23:41:50","slug":"noche-contrastes-cristiano-ronaldo","status":"publish","type":"post","link":"http:\/\/desarrollo.grupomedios.com\/futbol\/futbol-internacional\/noche-contrastes-cristiano-ronaldo\/2016\/06","title":{"rendered":"Las dos caras de Cristiano&#8230;"},"content":{"rendered":"<p><strong>Portugal<\/strong> puede presumir de tener a <strong>Cristiano Ronaldo<\/strong> como estandarte del gol en la Eurocopa 2016, pero esta noche en la contienda por el pase a semifinales, el luso adoleci\u00f3 del gol en 120 minutos y posterg\u00f3 la clasificaci\u00f3n de los suyos de manera inveros\u00edmil: errando un par de jugadas claras de gol en el tiempo reglamentario.<\/p>\n<p>Hoy no le\u00a0alcanz\u00f3 a Ronaldo para ser Cristiano y cazar el r\u00e9cord de m\u00e1ximo goleador hist\u00f3rico de la Eurocopa que aun ostenta Michel Plantini. Sufri\u00f3 como pocas veces. Aun con el eco del pitazo inicial hizo su primer rabieta. Desde el medio campo mir\u00f3 como los suyos perdieron el bal\u00f3n y a Robert\u00a0Lewandowski, que no hab\u00eda marcado gol en toda la justa, firmar un gol esperanzador para Polonia, el segundo m\u00e1s r\u00e1pido en la historia de una Eurocopa.<\/p>\n<p style=\"text-align: center;\"><span style=\"color: #3366ff;\"><strong><a style=\"color: #3366ff;\" href=\"http:\/\/www.futboltotal.com.mx\/2016\/06\/portugal-primer-semifinalista-la-euro\/\">LEER M\u00c1S: Semifinales de la Eurocopa&#8230; al momento<\/a><\/strong><\/span><\/p>\n<p><a href=\"http:\/\/www.futboltotal.com.mx\/wp-content\/uploads\/2016\/06\/Cristiano-8.jpg\"><img decoding=\"async\" loading=\"lazy\" class=\"alignnone size-full wp-image-407707\" src=\"http:\/\/www.futboltotal.com.mx\/wp-content\/uploads\/2016\/06\/Cristiano-8.jpg\" alt=\"Cristiano\" srcset=\"http:\/\/desarrollo.grupomedios.com\/futbol\/wp-content\/uploads\/2016\/06\/Cristiano-8.jpg 807w, http:\/\/desarrollo.grupomedios.com\/futbol\/wp-content\/uploads\/2016\/06\/Cristiano-8-252x300.jpg 252w, http:\/\/desarrollo.grupomedios.com\/futbol\/wp-content\/uploads\/2016\/06\/Cristiano-8-768x914.jpg 768w\" sizes=\"(max-width: 807px) 100vw, 807px\" \/><\/a><\/p>\n<p><strong>Ronaldo<\/strong> intent\u00f3 igualar el marcador con un tiro de media distancia, pero no lo consigui\u00f3. Tampoco fue desequilibrante. Siempre se top\u00f3 con un muro de piernas polacas cada vez que quer\u00eda llegar al \u00e1rea o torpedear a Fabianksi. Su peor desquicio fue en el primer tiempo. Y por partida doble. Primero cuando Pazdan lo empuj\u00f3 arteramente por la espalda y el \u00e1rbitro Felix Brych no le pit\u00f3 un penal claro, y despu\u00e9s al abanicar el esf\u00e9rico en solitario tras recibir un pase filtrado de primer nivel en el coraz\u00f3n del \u00e1rea.<a href=\"http:\/\/www.futboltotal.com.mx\/wp-content\/uploads\/2016\/06\/Cr78.jpg\"><img decoding=\"async\" loading=\"lazy\" class=\"alignnone size-full wp-image-407708\" src=\"http:\/\/www.futboltotal.com.mx\/wp-content\/uploads\/2016\/06\/Cr78.jpg\" alt=\"Cr78\" srcset=\"http:\/\/desarrollo.grupomedios.com\/futbol\/wp-content\/uploads\/2016\/06\/Cr78.jpg 858w, http:\/\/desarrollo.grupomedios.com\/futbol\/wp-content\/uploads\/2016\/06\/Cr78-300x151.jpg 300w, http:\/\/desarrollo.grupomedios.com\/futbol\/wp-content\/uploads\/2016\/06\/Cr78-768x386.jpg 768w, http:\/\/desarrollo.grupomedios.com\/futbol\/wp-content\/uploads\/2016\/06\/Cr78-340x171.jpg 340w\" sizes=\"(max-width: 858px) 100vw, 858px\" \/><\/a><\/p>\n<p>La angustia alter\u00f3 el pulso de <strong>Cristiano<\/strong>. Y no pudo ser de otra forma despu\u00e9s de que se comi\u00f3 otro gol, el que pudo ser de la victoria: Joao Moutinho le puso en las botas medio gol en el minuto 86 y err\u00f3 una vez m\u00e1s delante de Fabianski. El luso era un manojo de nervios. Y lo fue m\u00e1s en el tiempo extra , donde\u00a0sum\u00f3 otro error: un mal control en el \u00e1rea tras un contragolpe en el que estuvo lento.\u00a0<a href=\"http:\/\/www.futboltotal.com.mx\/wp-content\/uploads\/2016\/06\/CR5.jpg\"><img decoding=\"async\" loading=\"lazy\" class=\"alignnone size-full wp-image-407710\" src=\"http:\/\/www.futboltotal.com.mx\/wp-content\/uploads\/2016\/06\/CR5.jpg\" alt=\"CR5\" srcset=\"http:\/\/desarrollo.grupomedios.com\/futbol\/wp-content\/uploads\/2016\/06\/CR5.jpg 858w, http:\/\/desarrollo.grupomedios.com\/futbol\/wp-content\/uploads\/2016\/06\/CR5-300x151.jpg 300w, http:\/\/desarrollo.grupomedios.com\/futbol\/wp-content\/uploads\/2016\/06\/CR5-768x386.jpg 768w, http:\/\/desarrollo.grupomedios.com\/futbol\/wp-content\/uploads\/2016\/06\/CR5-340x171.jpg 340w\" sizes=\"(max-width: 858px) 100vw, 858px\" \/><\/a><\/p>\n<p>Pero todo cambi\u00f3 cuando lleg\u00f3 en el momento m\u00e1s importante de la noche. Despu\u00e9s de errar sin reparo enmend\u00f3 el camino, como lo hizo ante Hungr\u00eda, con un gol decisivo. En\u00a0la tanda de penaltis, Ronaldo asumi\u00f3 la responsabilidad del primer tiro y, con nervios de acero, encar\u00f3 a la grada polaca y marc\u00f3 el primer tiro con un zapatazo al costado izquierdo que no pudo adivinar el arquero Fabianski.<img decoding=\"async\" loading=\"lazy\" class=\"alignnone size-full wp-image-407711\" src=\"http:\/\/www.futboltotal.com.mx\/wp-content\/uploads\/2016\/06\/CR9.jpg\" alt=\"CR9\" srcset=\"http:\/\/desarrollo.grupomedios.com\/futbol\/wp-content\/uploads\/2016\/06\/CR9.jpg 858w, http:\/\/desarrollo.grupomedios.com\/futbol\/wp-content\/uploads\/2016\/06\/CR9-300x151.jpg 300w, http:\/\/desarrollo.grupomedios.com\/futbol\/wp-content\/uploads\/2016\/06\/CR9-768x386.jpg 768w, http:\/\/desarrollo.grupomedios.com\/futbol\/wp-content\/uploads\/2016\/06\/CR9-340x171.jpg 340w\" sizes=\"(max-width: 858px) 100vw, 858px\" \/><\/p>\n<p>Ese fue el pre\u00e1mbulo de una seguidilla de goles que han encumbrado a Portugal a disputar su quinta semifinal en una Eurocopa.<em>\u00a0<\/em>Cristiano\u00a0se resiste a dejar de escribir una gran historia con Portugal. Y la suerte, que le ha permitidos a los suyos avanzar sin lograr ganar un partido en tiempo reglamentario, le acompa\u00f1a.<\/p>\n<p><a href=\"http:\/\/www.futboltotal.com.mx\/wp-content\/uploads\/2016\/06\/Cristiano-9.jpg\"><img decoding=\"async\" loading=\"lazy\" class=\"alignnone size-full wp-image-407712\" src=\"http:\/\/www.futboltotal.com.mx\/wp-content\/uploads\/2016\/06\/Cristiano-9.jpg\" alt=\"Cristiano\" srcset=\"http:\/\/desarrollo.grupomedios.com\/futbol\/wp-content\/uploads\/2016\/06\/Cristiano-9.jpg 858w, http:\/\/desarrollo.grupomedios.com\/futbol\/wp-content\/uploads\/2016\/06\/Cristiano-9-300x151.jpg 300w, http:\/\/desarrollo.grupomedios.com\/futbol\/wp-content\/uploads\/2016\/06\/Cristiano-9-768x386.jpg 768w, http:\/\/desarrollo.grupomedios.com\/futbol\/wp-content\/uploads\/2016\/06\/Cristiano-9-340x171.jpg 340w\" sizes=\"(max-width: 858px) 100vw, 858px\" \/><\/a><\/p>\n","protected":false},"excerpt":{"rendered":"<p>El luso sufre m\u00e1s de la cuenta y se resiste a caer en la Eurocopa<\/p>\n","protected":false},"author":20,"featured_media":407708,"comment_status":"closed","ping_status":"closed","sticky":false,"template":"","format":"standard","meta":[],"categories":[6995,3839,6999,5951],"tags":[6013,2236],"_links":{"self":[{"href":"http:\/\/desarrollo.grupomedios.com\/futbol\/wp-json\/wp\/v2\/posts\/407695"}],"collection":[{"href":"http:\/\/desarrollo.grupomedios.com\/futbol\/wp-json\/wp\/v2\/posts"}],"about":[{"href":"http:\/\/desarrollo.grupomedios.com\/futbol\/wp-json\/wp\/v2\/types\/post"}],"author":[{"embeddable":true,"href":"http:\/\/desarrollo.grupomedios.com\/futbol\/wp-json\/wp\/v2\/users\/20"}],"replies":[{"embeddable":true,"href":"http:\/\/desarrollo.grupomedios.com\/futbol\/wp-json\/wp\/v2\/comments?post=407695"}],"version-history":[{"count":0,"href":"http:\/\/desarrollo.grupomedios.com\/futbol\/wp-json\/wp\/v2\/posts\/407695\/revisions"}],"wp:featuredmedia":[{"embeddable":true,"href":"http:\/\/desarrollo.grupomedios.com\/futbol\/wp-json\/wp\/v2\/media\/407708"}],"wp:attachment":[{"href":"http:\/\/desarrollo.grupomedios.com\/futbol\/wp-json\/wp\/v2\/media?parent=407695"}],"wp:term":[{"taxonomy":"category","embeddable":true,"href":"http:\/\/desarrollo.grupomedios.com\/futbol\/wp-json\/wp\/v2\/categories?post=407695"},{"taxonomy":"post_tag","embeddable":true,"href":"http:\/\/desarrollo.grupomedios.com\/futbol\/wp-json\/wp\/v2\/tags?post=407695"}],"curies":[{"name":"wp","href":"https:\/\/api.w.org\/{rel}","templated":true}]}}