{"id":407722,"date":"2016-06-30T19:11:54","date_gmt":"2016-07-01T00:11:54","guid":{"rendered":"http:\/\/www.futboltotal.com.mx\/?p=407722"},"modified":"2016-06-30T19:13:40","modified_gmt":"2016-07-01T00:13:40","slug":"jugadores-se-relevan-contra-directivos-la-liga-mx","status":"publish","type":"post","link":"http:\/\/desarrollo.grupomedios.com\/futbol\/futbol-mexicano\/jugadores-se-relevan-contra-directivos-la-liga-mx\/2016\/06","title":{"rendered":"Jugadores se relevan contra directivos de la Liga MX"},"content":{"rendered":"<p>Durante a\u00f1os se habl\u00f3 del maltrato que sufren los futbolistas, pero eran contados los que se atrev\u00edan a decir las cosas, el problema es que aquellos que hablaban ya hab\u00edan colgado los bot\u00ednes. Sin embargo, en este 2016 comenzaron a salir quienes exigen mayor respeto a los deportistas y al tiempo reprochan las actitudes de los directivos de la <a href=\"http:\/\/www.futboltotal.com.mx\/futbol-mexicano\/\" target=\"_blank\"><strong>Liga MX<\/strong><\/a>.<\/p>\n<p><span style=\"color: #800000;\"><strong>Gerardo Lugo<\/strong><\/span> | Su traves\u00eda con el Veracruz no result\u00f3 como lo esperaba, pues las lesiones mermaron su desempe\u00f1o, por ello no entr\u00f3 en los planes y lo mandaron al Ascenso MX con Ju\u00e1rez FC. El problema fue que de \u00faltimo momento, <a href=\"http:\/\/www.futboltotal.com.mx\/2016\/06\/fc-juarez-desecha-a-gerardo-lugo\/\" target=\"_blank\">los <em>Bravos<\/em> le cerraron las puertas<\/a> y se quedar\u00e1 sin jugar.<\/p>\n<blockquote class=\"twitter-tweet\" data-lang=\"es\">\n<p dir=\"ltr\" lang=\"es\">Q falta de respeto y de \u00e9tica profesional la verdad q me voy decepcionado del equipo <a href=\"https:\/\/twitter.com\/fcjuarezoficial\">@fcjuarezoficial<\/a> a un d\u00eda de cierre de fichajes sin &#8230;<\/p>\n<p>\u2014 Edgar Gerardo Lugo (@GLugo23) <a href=\"https:\/\/twitter.com\/GLugo23\/status\/748625930633912321\">30 de junio de 2016<\/a><\/p><\/blockquote>\n<p><script src=\"\/\/platform.twitter.com\/widgets.js\" async=\"\" charset=\"utf-8\"><\/script><\/p>\n<p><span style=\"color: #800000;\"><strong>David Izazola<\/strong><\/span> | Con apenas 24 a\u00f1os de edad, el canterano de Pumas anunci\u00f3 su retiro, consecuencia de los malos tratos que reciben los futbolistas mexicanos en la <strong>Liga MX<\/strong>, donde se les amenaza con reducci\u00f3n salarial si no acatan las indicaciones o bien los amedrentan con mandarlos a categor\u00edas inferiores.<\/p>\n<blockquote class=\"twitter-tweet\" data-lang=\"es\"><p>\nAnunci\u00f3 mi retiro p\u00fablicamente, gracias a todos por su apoyo en este camino!!<a href=\"https:\/\/twitter.com\/hashtag\/LevantoLaVozPorElTalento?src=hash\">#LevantoLaVozPorElTalento<\/a> <a href=\"https:\/\/t.co\/2CfSAbB0t0\">pic.twitter.com\/2CfSAbB0t0<\/a><\/p>\n<p>\u2014 David Izazola (@david_izazola) <a href=\"https:\/\/twitter.com\/david_izazola\/status\/743512368051740672\">16 de junio de 2016<\/a>\n<\/p><\/blockquote>\n<p><script src=\"\/\/platform.twitter.com\/widgets.js\" async=\"\" charset=\"utf-8\"><\/script><\/p>\n<p><span style=\"color: #800000;\"><strong>Rodrigo Salinas<\/strong><\/span> | Lo dicho por Izazola lo hizo Atlas hace un par de semanas, porque le quit\u00f3 la mitad del estipendio al defensa, quien no tard\u00f3 en externar su molestia y preocupaci\u00f3n ante la situaci\u00f3n, ya que los <em>Zorros<\/em> lo excluyeron del grupo.<\/p>\n<blockquote class=\"twitter-tweet\" data-lang=\"es\">\n<p dir=\"ltr\" lang=\"und\"><a href=\"https:\/\/t.co\/DPh3X54Fcg\">pic.twitter.com\/DPh3X54Fcg<\/a><\/p>\n<p>\u2014 Rodrigo (@rodrigosali29) <a href=\"https:\/\/twitter.com\/rodrigosali29\/status\/743929878773280768\">17 de junio de 2016<\/a><\/p><\/blockquote>\n<p><script src=\"\/\/platform.twitter.com\/widgets.js\" async=\"\" charset=\"utf-8\"><\/script><\/p>\n<p><span style=\"color: #800000;\"><strong>\u00c1ngel Reyna<\/strong><\/span> | Siempre pol\u00e9mico, pero en esta ocasi\u00f3n dijo algo que hasta el aficionado m\u00e1s detractor del ariete le da la raz\u00f3n, ya que el jugador del Celaya se\u00f1al\u00f3 que a la Selecci\u00f3n Mexicana s\u00f3lo convocan a los amigos del t\u00e9cnico y por eso no hay progreso en el <em>Tri<\/em>.<\/p>\n<p><span style=\"color: #800000;\"><strong>Rafael M\u00e1rquez<\/strong><\/span> | Con la regla 10-8, m\u00e1s de uno reproch\u00f3 la postura de la <strong>Liga MX<\/strong>, pero \u00e9l us\u00f3 una conferencia de prensa del combinado nacional para subrayar\u00a0que s\u00f3lo perjudican a los futbolistas, quienes no tienen voz ni voto.<\/p>\n<p>\u00bfSer\u00e1 el inicio de un cambio en la\u00a0<strong>Liga MX<\/strong>?<\/p>\n<p><span style=\"color: #ff0000;\"><strong>VIDEO<\/strong>: Antes figuras, hoy desechos de la Liga MX<\/span><\/p>\n<p>[video_player]https:\/\/player.vimeo.com\/external\/172775164.sd.mp4?s=6df725f59351d09afdbef1c2ce396b6ce4a080be&amp;profile_id=165[\/video_player]<\/p>\n","protected":false},"excerpt":{"rendered":"<p>Los futbolistas comienzan a romper el silencio <\/p>\n","protected":false},"author":20,"featured_media":407726,"comment_status":"closed","ping_status":"closed","sticky":false,"template":"","format":"standard","meta":[],"categories":[2198,3845,5950],"tags":[64],"_links":{"self":[{"href":"http:\/\/desarrollo.grupomedios.com\/futbol\/wp-json\/wp\/v2\/posts\/407722"}],"collection":[{"href":"http:\/\/desarrollo.grupomedios.com\/futbol\/wp-json\/wp\/v2\/posts"}],"about":[{"href":"http:\/\/desarrollo.grupomedios.com\/futbol\/wp-json\/wp\/v2\/types\/post"}],"author":[{"embeddable":true,"href":"http:\/\/desarrollo.grupomedios.com\/futbol\/wp-json\/wp\/v2\/users\/20"}],"replies":[{"embeddable":true,"href":"http:\/\/desarrollo.grupomedios.com\/futbol\/wp-json\/wp\/v2\/comments?post=407722"}],"version-history":[{"count":0,"href":"http:\/\/desarrollo.grupomedios.com\/futbol\/wp-json\/wp\/v2\/posts\/407722\/revisions"}],"wp:featuredmedia":[{"embeddable":true,"href":"http:\/\/desarrollo.grupomedios.com\/futbol\/wp-json\/wp\/v2\/media\/407726"}],"wp:attachment":[{"href":"http:\/\/desarrollo.grupomedios.com\/futbol\/wp-json\/wp\/v2\/media?parent=407722"}],"wp:term":[{"taxonomy":"category","embeddable":true,"href":"http:\/\/desarrollo.grupomedios.com\/futbol\/wp-json\/wp\/v2\/categories?post=407722"},{"taxonomy":"post_tag","embeddable":true,"href":"http:\/\/desarrollo.grupomedios.com\/futbol\/wp-json\/wp\/v2\/tags?post=407722"}],"curies":[{"name":"wp","href":"https:\/\/api.w.org\/{rel}","templated":true}]}}