{"id":407739,"date":"2016-07-01T10:48:06","date_gmt":"2016-07-01T15:48:06","guid":{"rendered":"http:\/\/www.futboltotal.com.mx\/?p=407739"},"modified":"2016-07-01T14:37:14","modified_gmt":"2016-07-01T19:37:14","slug":"hirving-lozano-sera-jugador-del-manchester-united","status":"publish","type":"post","link":"http:\/\/desarrollo.grupomedios.com\/futbol\/destacado-home\/hirving-lozano-sera-jugador-del-manchester-united\/2016\/07","title":{"rendered":"Es un hecho\u2026 \u00a1DEVIL Lozano!"},"content":{"rendered":"<p><img decoding=\"async\" loading=\"lazy\" class=\"alignnone size-full wp-image-407759\" src=\"http:\/\/www.futboltotal.com.mx\/wp-content\/uploads\/2016\/06\/plecaposicion.jpg\" alt=\"plecaposicion\" srcset=\"http:\/\/desarrollo.grupomedios.com\/futbol\/wp-content\/uploads\/2016\/06\/plecaposicion.jpg 858w, http:\/\/desarrollo.grupomedios.com\/futbol\/wp-content\/uploads\/2016\/06\/plecaposicion-300x28.jpg 300w, http:\/\/desarrollo.grupomedios.com\/futbol\/wp-content\/uploads\/2016\/06\/plecaposicion-768x73.jpg 768w\" sizes=\"(max-width: 858px) 100vw, 858px\" \/><\/p>\n<p>Es un hecho. \u00a1<strong>Hirving Lozano<\/strong> ser\u00e1 jugador del <strong>Manchester United<\/strong>! A partir de la pr\u00f3xima campa\u00f1a, el canterano de los <em>Tuzos<\/em> del <span style=\"color: #ff0000;\"><a style=\"color: #ff0000;\" href=\"http:\/\/futboltotal.com.mx\/equipos\/pachuca\/\">Pachuca<\/a><\/span> se unir\u00e1 a las filas de los <em>Red Devils<\/em>, movimiento que se har\u00e1 oficial al finalizar su participaci\u00f3n en los pr\u00f3ximos Juegos Ol\u00edmpicos.<\/p>\n<p>As\u00ed, con esta &#8216;bomba&#8217; arrancamos <strong>Posici\u00f3n Adelantada<\/strong>, la nueva secci\u00f3n de Futbol Total en la que te daremos a conocer las cosas que nadie quiere que sepas o que tratan de aguantar lo m\u00e1s que se pueda hasta que sean &#8216;oficiales&#8217;.<\/p>\n<p>Pero como nosotros no tenemos compromisos con nadie, pues te traeremos todos los <strong>susurros futboleros<\/strong> que lleguen a nuestros o\u00eddos.<\/p>\n<p>Y volviendo a lo del famoso <em>Chucky<\/em>, lleg\u00f3 a nosotros el bonito <strong>TRASCENDIDO<\/strong> de que su familia ya prepara la mudanza rumbo a Manchester y que desde hace un par de semanas, gente cercana a\u00a0la joya <em>tricolor<\/em> se puso a investigar c\u00f3mo abrir\u00a0una cuenta bancaria en <strong>la ciudad inglesa<\/strong>.<\/p>\n<p style=\"text-align: center;\"><span style=\"color: #3366ff;\"><strong><a style=\"color: #3366ff;\" href=\"http:\/\/www.futboltotal.com.mx\/2016\/06\/chucky-lozano-sueno-europeo\/\">LEER M\u00c1S: Chucky Lozano y el sue\u00f1o europeo<\/a><\/strong><\/span><\/p>\n<p>S\u00f3lo faltan detalles para que sea oficial, dijeron los allegados, lo que puede traducirse a que est\u00e1n esperando que finalicen los Juegos Ol\u00edmpicos para hacer todo &#8216;c\u00f3mo Dios manda&#8217;.<\/p>\n<p>As\u00ed est\u00e1n las cosas. <a href=\"http:\/\/www.futboltotal.com.mx\/2016\/06\/hirving-lozano-podria-ir-al-manchester-united\/\">Las negociaciones entre la directiva del <strong>Pachuca<\/strong> y la del Manchester United, que se entablaron desde hace unas semanas<\/a>, han llegado a buen puerto. Y as\u00ed, <strong>Hirving<\/strong>\u00a0<strong>Lozano<\/strong>\u00a0se convertir\u00e1 en el noveno\u00a0mexicano (de nacimiento) en jugar en la Liga Premier.<\/p>\n<p>\u00a1Venga <em>Chucky<\/em>, primero a convencer a <em>Mou<\/em>\u00a0y ser amigazo\u00a0del <em>Ibra<\/em>&#8230; Y luego, a\u00a0romperla!<\/p>\n","protected":false},"excerpt":{"rendered":"<p>La familia del Chucky prepara la mudanza<\/p>\n","protected":false},"author":20,"featured_media":407760,"comment_status":"closed","ping_status":"closed","sticky":false,"template":"","format":"standard","meta":[],"categories":[5,3839,2198,3846,3845],"tags":[5196,7236],"_links":{"self":[{"href":"http:\/\/desarrollo.grupomedios.com\/futbol\/wp-json\/wp\/v2\/posts\/407739"}],"collection":[{"href":"http:\/\/desarrollo.grupomedios.com\/futbol\/wp-json\/wp\/v2\/posts"}],"about":[{"href":"http:\/\/desarrollo.grupomedios.com\/futbol\/wp-json\/wp\/v2\/types\/post"}],"author":[{"embeddable":true,"href":"http:\/\/desarrollo.grupomedios.com\/futbol\/wp-json\/wp\/v2\/users\/20"}],"replies":[{"embeddable":true,"href":"http:\/\/desarrollo.grupomedios.com\/futbol\/wp-json\/wp\/v2\/comments?post=407739"}],"version-history":[{"count":0,"href":"http:\/\/desarrollo.grupomedios.com\/futbol\/wp-json\/wp\/v2\/posts\/407739\/revisions"}],"wp:featuredmedia":[{"embeddable":true,"href":"http:\/\/desarrollo.grupomedios.com\/futbol\/wp-json\/wp\/v2\/media\/407760"}],"wp:attachment":[{"href":"http:\/\/desarrollo.grupomedios.com\/futbol\/wp-json\/wp\/v2\/media?parent=407739"}],"wp:term":[{"taxonomy":"category","embeddable":true,"href":"http:\/\/desarrollo.grupomedios.com\/futbol\/wp-json\/wp\/v2\/categories?post=407739"},{"taxonomy":"post_tag","embeddable":true,"href":"http:\/\/desarrollo.grupomedios.com\/futbol\/wp-json\/wp\/v2\/tags?post=407739"}],"curies":[{"name":"wp","href":"https:\/\/api.w.org\/{rel}","templated":true}]}}