{"id":407749,"date":"2016-07-01T09:11:15","date_gmt":"2016-07-01T14:11:15","guid":{"rendered":"http:\/\/www.futboltotal.com.mx\/?p=407749"},"modified":"2016-07-01T09:11:15","modified_gmt":"2016-07-01T14:11:15","slug":"psg-ficha-al-frances-hatem-ben-arfa","status":"publish","type":"post","link":"http:\/\/desarrollo.grupomedios.com\/futbol\/futbol-internacional\/psg-ficha-al-frances-hatem-ben-arfa\/2016\/07","title":{"rendered":"El PSG ya tiene sustituto para Zlatan"},"content":{"rendered":"<p>El <strong>Paris Saint-Germain (PSG)<\/strong>, que entrenar\u00e1 la temporada que viene el espa\u00f1ol Unai Emery, anunci\u00f3 hoy el fichaje del centrocampista franc\u00e9s <strong>Hatem Ben Arfa<\/strong>, con un contrato que le vincular\u00e1 al conjunto capitalino por dos temporadas.<\/p>\n<blockquote class=\"twitter-tweet\" data-lang=\"es\">\n<p dir=\"ltr\" lang=\"fr\">Quelques stats autour de la signature d&#8217;Hatem Ben Arfa ! <a href=\"https:\/\/twitter.com\/hashtag\/TheDreamHunter?src=hash\">#TheDreamHunter<\/a> <a href=\"https:\/\/t.co\/AE3EuafAyu\">pic.twitter.com\/AE3EuafAyu<\/a><\/p>\n<p>\u2014 PSG Officiel (@PSG_inside) <a href=\"https:\/\/twitter.com\/PSG_inside\/status\/748872816343277568\">1 de julio de 2016<\/a><\/p><\/blockquote>\n<p><script src=\"\/\/platform.twitter.com\/widgets.js\" async=\"\" charset=\"utf-8\"><\/script><\/p>\n<p>&#8220;El <strong>PSG<\/strong> est\u00e1 feliz de anunciar la firma del contrato de <strong>Hatem Ben Arfa<\/strong> hasta el 30 de junio de 2018&#8243;, se\u00f1al\u00f3 el club en un comunicado, por lo que el habilidoso media punta, de 29 a\u00f1os, se convierte en el primer fichaje de la &#8220;era Emery&#8221;.<\/p>\n<p>&#8220;Vivo esta firma como un grand\u00edsimo momento de felicidad y orgullo. El <strong>PSG<\/strong> siempre ha ocupado un lugar muy especial en mi coraz\u00f3n y llevar esta camiseta en el Parque de los Pr\u00edncipes es un sue\u00f1o que persigo desde la infancia&#8221;, se\u00f1al\u00f3 Ben Arfa en su primera reacci\u00f3n.<\/p>\n<p>Al antiguo jugador del Niza le avala el haber sido el mejor jugador franc\u00e9s de la pasada temporada, con 17 goles, 8 asistencias y una nota art\u00edstica en sus ejecuciones.<\/p>\n<p style=\"text-align: center;\"><span style=\"color: #3366ff;\">LEER M\u00c1S:\u00a0<a style=\"color: #3366ff;\" href=\"http:\/\/www.futboltotal.com.mx\/2016\/06\/zlatan-ibrahimovic-llega-al-manchester-united\/\">\u00a1Zlatan anunci\u00f3 su nuevo club!<\/a><\/span><\/p>\n<p>Eso le vali\u00f3 estar preseleccionado con Francia para la Eurocopa, pero finalmente se qued\u00f3 fuera de la lista de los 23 de Didier Deschamps, en una pol\u00e9mica decisi\u00f3n que fue criticada por algunos como Eric Cantona.<\/p>\n<p>Antes de la \u00faltima temporada,<strong> Ben Arfa<\/strong> estuvo las cuatro campa\u00f1as anteriores en la Premier League, en el Newcastle y en el Hull City. Lleg\u00f3 a Gran Breta\u00f1a en 2010 proveniente del Marsella, con la reputaci\u00f3n de ser un jugador talentoso pero dif\u00edcil.<\/p>\n<p><strong>Ben Arfa<\/strong> debut\u00f3 como profesional en 2004 con el Lyon y ha disputado 15 partidos como internacional con Francia, camiseta con la que ha metido dos goles. EFE<\/p>\n","protected":false},"excerpt":{"rendered":"<p>Ben Arfa firm\u00f3 con el PSG hasta 2018<\/p>\n","protected":false},"author":20,"featured_media":407750,"comment_status":"closed","ping_status":"closed","sticky":false,"template":"","format":"standard","meta":[],"categories":[3839,5951],"tags":[640,114],"_links":{"self":[{"href":"http:\/\/desarrollo.grupomedios.com\/futbol\/wp-json\/wp\/v2\/posts\/407749"}],"collection":[{"href":"http:\/\/desarrollo.grupomedios.com\/futbol\/wp-json\/wp\/v2\/posts"}],"about":[{"href":"http:\/\/desarrollo.grupomedios.com\/futbol\/wp-json\/wp\/v2\/types\/post"}],"author":[{"embeddable":true,"href":"http:\/\/desarrollo.grupomedios.com\/futbol\/wp-json\/wp\/v2\/users\/20"}],"replies":[{"embeddable":true,"href":"http:\/\/desarrollo.grupomedios.com\/futbol\/wp-json\/wp\/v2\/comments?post=407749"}],"version-history":[{"count":0,"href":"http:\/\/desarrollo.grupomedios.com\/futbol\/wp-json\/wp\/v2\/posts\/407749\/revisions"}],"wp:featuredmedia":[{"embeddable":true,"href":"http:\/\/desarrollo.grupomedios.com\/futbol\/wp-json\/wp\/v2\/media\/407750"}],"wp:attachment":[{"href":"http:\/\/desarrollo.grupomedios.com\/futbol\/wp-json\/wp\/v2\/media?parent=407749"}],"wp:term":[{"taxonomy":"category","embeddable":true,"href":"http:\/\/desarrollo.grupomedios.com\/futbol\/wp-json\/wp\/v2\/categories?post=407749"},{"taxonomy":"post_tag","embeddable":true,"href":"http:\/\/desarrollo.grupomedios.com\/futbol\/wp-json\/wp\/v2\/tags?post=407749"}],"curies":[{"name":"wp","href":"https:\/\/api.w.org\/{rel}","templated":true}]}}