{"id":407807,"date":"2016-07-01T13:50:17","date_gmt":"2016-07-01T18:50:17","guid":{"rendered":"http:\/\/www.futboltotal.com.mx\/?p=407807"},"modified":"2016-07-01T13:50:17","modified_gmt":"2016-07-01T18:50:17","slug":"gustavo-ayon-estara-en-repechaje-a-rio-2016","status":"publish","type":"post","link":"http:\/\/desarrollo.grupomedios.com\/futbol\/no-todo-es-futbol\/gustavo-ayon-estara-en-repechaje-a-rio-2016\/2016\/07","title":{"rendered":"Gustavo Ay\u00f3n no estar\u00e1 en el repechaje a R\u00edo 2016"},"content":{"rendered":"<p><strong>Gustavo Ay\u00f3n<\/strong>, p\u00edvot del Real Madrid, anunci\u00f3 que por problemas personales y profesionales (que no precis\u00f3), se perder\u00e1 el torneo de clasificaci\u00f3n para los <strong>Juegos Ol\u00edmpicos<\/strong>\u00a0de <strong>R\u00edo 2016<\/strong> que comienza el pr\u00f3ximo lunes en Tur\u00edn.<\/p>\n<p>&#8220;Cuestiones personales y profesionales, son los \u00fanicos motivos que me impiden integrarme&#8221;, manifest\u00f3 en una carta abierta a las autoridades y los aficionados.<\/p>\n<blockquote class=\"twitter-tweet\" data-lang=\"es\">\n<p dir=\"ltr\" lang=\"und\"><a href=\"https:\/\/t.co\/MdvtjeSiet\">pic.twitter.com\/MdvtjeSiet<\/a><\/p>\n<p>\u2014 Gustavo Ayon (@AyonGustavo) <a href=\"https:\/\/twitter.com\/AyonGustavo\/status\/748912720104173568\">1 de julio de 2016<\/a><\/p><\/blockquote>\n<p><script src=\"\/\/platform.twitter.com\/widgets.js\" async=\"\" charset=\"utf-8\"><\/script><br \/>\nDijo que en su decisi\u00f3n no hay ninguna raz\u00f3n externa, y expres\u00f3 su confianza en que el equipo mexicano de baloncesto tiene la capacidad para pelear por una plaza en la cita de R\u00edo de Janeiro.<\/p>\n<p>&#8220;Quiero dejar totalmente claro que no hay ninguna raz\u00f3n externa&#8221;, <strong>Gustavo Ay\u00f3n<\/strong>, quien negocia su renovaci\u00f3n de contrato con Real Madrid.<\/p>\n<p>Al mando del entrenador espa\u00f1ol Sergio Valdeolmillos, M\u00e9xico termin\u00f3 en segundo lugar en el reciente campeonato Centrobasquet.<\/p>\n<p>Lo equipos de Italia, Grecia, Ir\u00e1n, Croacia, T\u00fanez y M\u00e9xico se jugar\u00e1n por alcanzar espacio en los <strong>Juegos Ol\u00edmpicos<\/strong> en la ciudad italiana de Tur\u00edn.<\/p>\n","protected":false},"excerpt":{"rendered":"<p>&#8220;Cuestiones personales y profesionales, me impiden integrarme&#8221;<\/p>\n","protected":false},"author":144,"featured_media":407808,"comment_status":"closed","ping_status":"closed","sticky":false,"template":"","format":"standard","meta":[],"categories":[5814,7182,5418],"tags":[5771,5664],"_links":{"self":[{"href":"http:\/\/desarrollo.grupomedios.com\/futbol\/wp-json\/wp\/v2\/posts\/407807"}],"collection":[{"href":"http:\/\/desarrollo.grupomedios.com\/futbol\/wp-json\/wp\/v2\/posts"}],"about":[{"href":"http:\/\/desarrollo.grupomedios.com\/futbol\/wp-json\/wp\/v2\/types\/post"}],"author":[{"embeddable":true,"href":"http:\/\/desarrollo.grupomedios.com\/futbol\/wp-json\/wp\/v2\/users\/144"}],"replies":[{"embeddable":true,"href":"http:\/\/desarrollo.grupomedios.com\/futbol\/wp-json\/wp\/v2\/comments?post=407807"}],"version-history":[{"count":0,"href":"http:\/\/desarrollo.grupomedios.com\/futbol\/wp-json\/wp\/v2\/posts\/407807\/revisions"}],"wp:featuredmedia":[{"embeddable":true,"href":"http:\/\/desarrollo.grupomedios.com\/futbol\/wp-json\/wp\/v2\/media\/407808"}],"wp:attachment":[{"href":"http:\/\/desarrollo.grupomedios.com\/futbol\/wp-json\/wp\/v2\/media?parent=407807"}],"wp:term":[{"taxonomy":"category","embeddable":true,"href":"http:\/\/desarrollo.grupomedios.com\/futbol\/wp-json\/wp\/v2\/categories?post=407807"},{"taxonomy":"post_tag","embeddable":true,"href":"http:\/\/desarrollo.grupomedios.com\/futbol\/wp-json\/wp\/v2\/tags?post=407807"}],"curies":[{"name":"wp","href":"https:\/\/api.w.org\/{rel}","templated":true}]}}