{"id":407828,"date":"2016-07-01T14:21:32","date_gmt":"2016-07-01T19:21:32","guid":{"rendered":"http:\/\/www.futboltotal.com.mx\/?p=407828"},"modified":"2016-07-01T14:21:32","modified_gmt":"2016-07-01T19:21:32","slug":"los-zorros-quieren-atlas-tv","status":"publish","type":"post","link":"http:\/\/desarrollo.grupomedios.com\/futbol\/futbol-mexicano\/los-zorros-quieren-atlas-tv\/2016\/07","title":{"rendered":"Los Zorros tambi\u00e9n quieren su Atlas TV"},"content":{"rendered":"<p>Previo al Apertura 2016, Jorge Vergara y Guadalajara sorprendieron con Chivas TV, un nuevo modelo de negocio que obligar\u00e1 a los aficionados a pagar por ver los partidos del <em>Reba\u00f1o Sagrado<\/em>. A pesar de la pol\u00e9mica que esto genera, su rival en la entidad tambi\u00e9n anhela seguir los pasos con <strong>Atlas TV<\/strong>.<\/p>\n<p>De acuerdo a una publicaci\u00f3n de <em>R\u00e9cord<\/em>, el due\u00f1o del equipo, Grupo Salinas, abrir\u00e1 una plataforma alterna, con la diferencia que no se limitar\u00e1 a Internet, pues con <em>Total Play<\/em> se le dar\u00e1 presencia en la televisi\u00f3n.<\/p>\n<blockquote class=\"twitter-tweet\" data-lang=\"es\">\n<p dir=\"ltr\" lang=\"es\">\u00a1Ll\u00e9vate tu Pase Rojinegro Anual con 100 o 200 pesos y liqu\u00eddalo hasta el 29 de julio! \u26ab\ufe0f<a href=\"https:\/\/t.co\/wdPuILrBV0\">https:\/\/t.co\/wdPuILrBV0<\/a> <a href=\"https:\/\/t.co\/7gVUMydYuy\">pic.twitter.com\/7gVUMydYuy<\/a><\/p>\n<p>\u2014 Atlas FC (@atlasfc) <a href=\"https:\/\/twitter.com\/atlasfc\/status\/748952919433617408\">1 de julio de 2016<\/a><\/p><\/blockquote>\n<p><script src=\"\/\/platform.twitter.com\/widgets.js\" async=\"\" charset=\"utf-8\"><\/script><br \/>\nEntre la programaci\u00f3n, se emitir\u00e1n cotejos\u00a0pasados, por eso Grupo Salinas ya negocia con Televisa; adem\u00e1s que tendr\u00e1 los juegos de la categor\u00edas inferiores del <strong>Atlas<\/strong>.<\/p>\n<p><span style=\"color: #ff0000;\"><strong>VIDEO<\/strong>: Antes figuras, hoy desechos de la Liga MX<\/span><br \/>\n[video_player]https:\/\/player.vimeo.com\/external\/172775164.sd.mp4?s=6df725f59351d09afdbef1c2ce396b6ce4a080be&amp;profile_id=165[\/video_player]<\/p>\n","protected":false},"excerpt":{"rendered":"<p>El paquete no se limitar\u00e1 a Internet<\/p>\n","protected":false},"author":20,"featured_media":407831,"comment_status":"closed","ping_status":"closed","sticky":false,"template":"","format":"standard","meta":[],"categories":[2198,3845,5950],"tags":[5961],"_links":{"self":[{"href":"http:\/\/desarrollo.grupomedios.com\/futbol\/wp-json\/wp\/v2\/posts\/407828"}],"collection":[{"href":"http:\/\/desarrollo.grupomedios.com\/futbol\/wp-json\/wp\/v2\/posts"}],"about":[{"href":"http:\/\/desarrollo.grupomedios.com\/futbol\/wp-json\/wp\/v2\/types\/post"}],"author":[{"embeddable":true,"href":"http:\/\/desarrollo.grupomedios.com\/futbol\/wp-json\/wp\/v2\/users\/20"}],"replies":[{"embeddable":true,"href":"http:\/\/desarrollo.grupomedios.com\/futbol\/wp-json\/wp\/v2\/comments?post=407828"}],"version-history":[{"count":0,"href":"http:\/\/desarrollo.grupomedios.com\/futbol\/wp-json\/wp\/v2\/posts\/407828\/revisions"}],"wp:featuredmedia":[{"embeddable":true,"href":"http:\/\/desarrollo.grupomedios.com\/futbol\/wp-json\/wp\/v2\/media\/407831"}],"wp:attachment":[{"href":"http:\/\/desarrollo.grupomedios.com\/futbol\/wp-json\/wp\/v2\/media?parent=407828"}],"wp:term":[{"taxonomy":"category","embeddable":true,"href":"http:\/\/desarrollo.grupomedios.com\/futbol\/wp-json\/wp\/v2\/categories?post=407828"},{"taxonomy":"post_tag","embeddable":true,"href":"http:\/\/desarrollo.grupomedios.com\/futbol\/wp-json\/wp\/v2\/tags?post=407828"}],"curies":[{"name":"wp","href":"https:\/\/api.w.org\/{rel}","templated":true}]}}