{"id":407866,"date":"2016-07-02T11:20:02","date_gmt":"2016-07-02T16:20:02","guid":{"rendered":"http:\/\/www.futboltotal.com.mx\/?p=407866"},"modified":"2016-07-02T12:27:11","modified_gmt":"2016-07-02T17:27:11","slug":"cara-a-cara-buffon-vs-neuer","status":"publish","type":"post","link":"http:\/\/desarrollo.grupomedios.com\/futbol\/futbol-internacional\/cara-a-cara-buffon-vs-neuer\/2016\/07","title":{"rendered":"Buffon vs. Neuer&#8230; Se\u00f1ores de la porter\u00eda"},"content":{"rendered":"<p><strong>Italia<\/strong> contra <strong>Alemania<\/strong>, \u00bffinal adelantada? Muchos consideran que as\u00ed es, incluso el propio t\u00e9cnico teut\u00f3n, J\u00f6achim Low consider\u00f3 que el ganador de esta llave de los Cuartos de Final, ser\u00e1 favorito al t\u00edtulo de la <a href=\"http:\/\/www.futboltotal.com.mx\/eurocopa-2016\/\" target=\"_blank\"><strong>Eurocopa<\/strong><\/a>.<\/p>\n<p><a href=\"http:\/\/www.futboltotal.com.mx\/wp-content\/uploads\/2016\/07\/buffon-neuer-italia-vs-alemania-1.jpg\"><img decoding=\"async\" loading=\"lazy\" class=\"alignnone size-full wp-image-407869\" src=\"http:\/\/www.futboltotal.com.mx\/wp-content\/uploads\/2016\/07\/buffon-neuer-italia-vs-alemania-1.jpg\" alt=\"buffon-neuer-italia-vs-alemania-1\" srcset=\"http:\/\/desarrollo.grupomedios.com\/futbol\/wp-content\/uploads\/2016\/07\/buffon-neuer-italia-vs-alemania-1.jpg 858w, http:\/\/desarrollo.grupomedios.com\/futbol\/wp-content\/uploads\/2016\/07\/buffon-neuer-italia-vs-alemania-1-300x288.jpg 300w, http:\/\/desarrollo.grupomedios.com\/futbol\/wp-content\/uploads\/2016\/07\/buffon-neuer-italia-vs-alemania-1-768x737.jpg 768w\" sizes=\"(max-width: 858px) 100vw, 858px\" \/><\/a><\/p>\n<p>Con base en el poder\u00edo ofensivo que presumen ambas escuadras, la pieza angular en los equipos ser\u00e1n los porteros, duelo que promete estar lleno de atajadones ya que estar\u00e1n dos de los mejores guardametas\u00a0de la historia: <strong>Gianluigi Buff\u00f3n<\/strong> y <strong>Manuel Neuer<\/strong>.<\/p>\n<p><iframe loading=\"lazy\" src=\"https:\/\/player.vimeo.com\/video\/173167592\" frameborder=\"0\" title=\"Neuer vs Buffon\" webkitallowfullscreen mozallowfullscreen allowfullscreen><\/iframe><\/p>\n<p>&nbsp;<\/p>\n<p style=\"text-align: center;\"><span style=\"color: #3366ff;\"><a style=\"color: #3366ff;\" href=\"http:\/\/www.futboltotal.com.mx\/eurocopa-2016\/\" target=\"_blank\"><strong>LEER M\u00c1S: Toda la informaci\u00f3n de la Eurocopa<\/strong><\/a><\/span><\/p>\n<p>A sus 38 a\u00f1os de edad, <em>Gigi<\/em> disputa su \u00faltima <strong>Eurocopa<\/strong>, ya que afirm\u00f3 que en 2018 se retirar\u00e1, por eso anhela conseguir el trofeo que se le niega a la <em>Azzurra<\/em> desde hace mas de 40 a\u00f1os, luego de coronarse en 1968 en casa.<\/p>\n<p>Por su parte, <strong>Manuel Neuer<\/strong> deber\u00e1 ir contra la tendencia en la rivalidad entre <strong>Italia<\/strong> y <strong>Alemania<\/strong>, pues la <em>Mannschaft<\/em> siempre sucumbe ante su contrincante en turno.<\/p>\n","protected":false},"excerpt":{"rendered":"<p>Dos guardametas hist\u00f3ricos se enfrentan en la Eurocopa <\/p>\n","protected":false},"author":20,"featured_media":407867,"comment_status":"closed","ping_status":"closed","sticky":false,"template":"","format":"standard","meta":[],"categories":[6995,3839,6999,5951],"tags":[2236],"_links":{"self":[{"href":"http:\/\/desarrollo.grupomedios.com\/futbol\/wp-json\/wp\/v2\/posts\/407866"}],"collection":[{"href":"http:\/\/desarrollo.grupomedios.com\/futbol\/wp-json\/wp\/v2\/posts"}],"about":[{"href":"http:\/\/desarrollo.grupomedios.com\/futbol\/wp-json\/wp\/v2\/types\/post"}],"author":[{"embeddable":true,"href":"http:\/\/desarrollo.grupomedios.com\/futbol\/wp-json\/wp\/v2\/users\/20"}],"replies":[{"embeddable":true,"href":"http:\/\/desarrollo.grupomedios.com\/futbol\/wp-json\/wp\/v2\/comments?post=407866"}],"version-history":[{"count":0,"href":"http:\/\/desarrollo.grupomedios.com\/futbol\/wp-json\/wp\/v2\/posts\/407866\/revisions"}],"wp:featuredmedia":[{"embeddable":true,"href":"http:\/\/desarrollo.grupomedios.com\/futbol\/wp-json\/wp\/v2\/media\/407867"}],"wp:attachment":[{"href":"http:\/\/desarrollo.grupomedios.com\/futbol\/wp-json\/wp\/v2\/media?parent=407866"}],"wp:term":[{"taxonomy":"category","embeddable":true,"href":"http:\/\/desarrollo.grupomedios.com\/futbol\/wp-json\/wp\/v2\/categories?post=407866"},{"taxonomy":"post_tag","embeddable":true,"href":"http:\/\/desarrollo.grupomedios.com\/futbol\/wp-json\/wp\/v2\/tags?post=407866"}],"curies":[{"name":"wp","href":"https:\/\/api.w.org\/{rel}","templated":true}]}}