{"id":407935,"date":"2016-07-02T20:40:21","date_gmt":"2016-07-03T01:40:21","guid":{"rendered":"http:\/\/www.futboltotal.com.mx\/?p=407935"},"modified":"2016-07-02T22:32:35","modified_gmt":"2016-07-03T03:32:35","slug":"en-vivo-mexico-vs-nigeria-amistoso","status":"publish","type":"post","link":"http:\/\/desarrollo.grupomedios.com\/futbol\/futbol-mexicano\/en-vivo-mexico-vs-nigeria-amistoso\/2016\/07","title":{"rendered":"AS\u00cd SE VIVI\u00d3 | M\u00e9xico 1-0 Nigeria | Amistoso"},"content":{"rendered":"<p><span style=\"color: #ff0000;\">93:00<\/span> | Acaba el partido.<\/p>\n<p><span style=\"color: #ff0000;\">90:00<\/span> | Se agregan tres minutos.<\/p>\n<p><span style=\"color: #ff0000;\">84:00<\/span> | \u00a1Uy, qu\u00e9 oso! Zald\u00edvar fall\u00f3 de forma incre\u00edble, estaba completamente solo, a dos metros frente al arco, con puerta abierta y la estrell\u00f3 en el travesa\u00f1o.<\/p>\n<p><span style=\"color: #ff0000;\">83:00<\/span> | Maro Bueno fue mano a mano con un defensor, pero lo desarmaron con facilidad.<\/p>\n<p><span style=\"color: #ff0000;\">76:00<\/span> | Nigeria vuelve a generar un ataque, pero Gudi\u00f1o cort\u00f3 el centro.<\/p>\n<p><span style=\"color: #ff0000;\">65:00<\/span> | \u00a1Gooooooooooool de M\u00e9xico! Cisneros mand\u00f3 un tirocentro que remat\u00f3 Marco Bueno para poner\u00a0la pelota al fondo de la red, cuando nada pasaba en el partido.<\/p>\n<p><span style=\"color: #ff0000;\">64:00<\/span> | La poca afici\u00f3n que se dio cita en el Estadio Victoria ya presiona con chiflidos y abucheos, ante la poca emoci\u00f3n que hay en las porter\u00edas.<\/p>\n<p><span style=\"color: #ff0000;\">58:00<\/span> | El Cubo lo intenta de \u00a0nuevo, pero su velocidad no es suficiente para superar a sus marcadores.<\/p>\n<p><span style=\"color: #ff0000;\">52:00<\/span> | El partido sigue con la misma t\u00f3nica, nadie se \u00e1nima a atacar y todo se desarrolla en el medio campo.<\/p>\n<p><span style=\"color: #ff0000;\">45:00<\/span> | Arranca el segundo tiempo.<\/p>\n<p><span style=\"color: #ff0000;\">45:00<\/span> | Acaba el partido entre abucheos.<\/p>\n<p><span style=\"color: #ff0000;\">44:00<\/span> | \u00a1Nooo! Cota se la puso como con la mano al Cubo que lleg\u00f3 completamente solo frente al arco y la estrell\u00f3 en el poste.<\/p>\n<p><span style=\"color: #ff0000;\">40:00<\/span> | M\u00e9xico carece de argumentos para pensar que pueda hacer un gol.<\/p>\n<p><span style=\"color: #ff0000;\">35:00<\/span> | Pizarro acarrea y mantiene el esf\u00e9rico en el \u00e1rea africana, pero no encuentra compa\u00f1eros para rematar a puerta.<\/p>\n<p><span style=\"color: #ff0000;\">30:00<\/span> | \u00a1Uf! Nigeria se saboreaba el primero, pero Gudi\u00f1o sali\u00f3 perfecto para quedarse con le pelota.<\/p>\n<p><span style=\"color: #ff0000;\">28:00<\/span> | El Chelo Sald\u00edvar se gan\u00f3 la amarilla por una falta en el medio campo.<\/p>\n<p><span style=\"color: #ff0000;\">22:00<\/span> | Potro Guti\u00e9rrez no quiere corres riesgos y le pide a sus jugadores que hagan el dos a uno.<\/p>\n<p><span style=\"color: #ff0000;\">17:00<\/span> | El partido no tiene emociones, pese a que los africanos mantienen la presi\u00f3n en el \u00e1rea mexicana, nadie se anima a disparar.<\/p>\n<p><span style=\"color: #ff0000;\">13:00<\/span> | Cero y van tres del Cubo, la zaga tricolor descarga con Erick Torres, pero \u00e9ste no logra controlar la pelota para armar el contragolpe.<\/p>\n<p><span style=\"color: #ff0000;\">10:00<\/span> | Al equipo del Potro le cuesta pasar del medio campo, pues pierden todo en \u00e9sa zona.<\/p>\n<p><span style=\"color: #ff0000;\">07:00<\/span> | Despu\u00e9s de un inicio a favor de M\u00e9xico, Nigeria ya comienza a dominar el transcurso del bal\u00f3n.<\/p>\n<p><span style=\"color: #ff0000;\">01:00<\/span> | \u00a1Uy! R\u00e1pido, M\u00e9xico genera peligro con un disparo del Chelo, pero el portero africano rechaz\u00f3 la pelota.<\/p>\n<p><span style=\"color: #ff0000;\">00:00<\/span> | Arranca el partido en el Estadio Victoria.<\/p>\n<p>Alineaci\u00f3n M\u00e9xico:<\/p>\n<blockquote class=\"twitter-tweet\" data-lang=\"es\">\n<p dir=\"ltr\" lang=\"es\"><a href=\"https:\/\/twitter.com\/hashtag\/Sub23?src=hash\">#Sub23<\/a> Tenemos once inicial confirmado para enfrentar a <a href=\"https:\/\/twitter.com\/NGSuperEagles\">@NGSuperEagles<\/a>, presentado por <a href=\"https:\/\/twitter.com\/UnVasoDeLALA\">@UnVasoDeLALA<\/a>.<a href=\"https:\/\/twitter.com\/hashtag\/LALATeCuida?src=hash\">#LALATeCuida<\/a> <a href=\"https:\/\/t.co\/QlLp1WWkwv\">pic.twitter.com\/QlLp1WWkwv<\/a><\/p>\n<p>\u2014 Selecci\u00f3n Nacional (@miseleccionmx) <a href=\"https:\/\/twitter.com\/miseleccionmx\/status\/749408816593145856\">3 de julio de 2016<\/a><\/p><\/blockquote>\n<p><script src=\"\/\/platform.twitter.com\/widgets.js\" async=\"\" charset=\"utf-8\"><\/script><\/p>\n<p>Alineaci\u00f3n Nigeria:<\/p>\n<blockquote class=\"twitter-tweet\" data-lang=\"es\"><p>\n<a href=\"https:\/\/twitter.com\/hashtag\/Sub23?src=hash\">#Sub23<\/a> El XI <a href=\"https:\/\/twitter.com\/UnVasoDeLALA\">@UnVasoDeLALA<\/a> de <a href=\"https:\/\/twitter.com\/NGSuperEagles\">@NGSuperEagles<\/a>: Daniel, Muenfuh, Amuzie, Muhammed, Ajayi, Popoola, Godwin, Okechukwu, Keigo, Awoniyi y Efflong<\/p>\n<p>\u2014 Selecci\u00f3n Nacional (@miseleccionmx) <a href=\"https:\/\/twitter.com\/miseleccionmx\/status\/749402988926558209\">3 de julio de 2016<\/a>\n<\/p><\/blockquote>\n<p><script src=\"\/\/platform.twitter.com\/widgets.js\" async=\"\" charset=\"utf-8\"><\/script><\/p>\n<p>El camino con miras a <strong>R\u00edo 2016<\/strong> cada vez est\u00e1 m\u00e1s cerca de acabar, por eso el t\u00e9cnico Ra\u00fal Guti\u00e9rrez tiene poco margen para definir al plantel de\u00a0<a href=\"http:\/\/www.futboltotal.com.mx\/futbol-mexicano\/seleccion-mexicana\/\" target=\"_blank\"><strong>M\u00e9xico<\/strong><\/a> que llevar\u00e1 a los <strong>Juegos Ol\u00edmpicos<\/strong>. Ante este panorama, el partido contra <strong>Nigeria<\/strong> ser\u00e1 crucial, ya que ah\u00ed se conocer\u00e1n las debilidades del equipo.<\/p>\n<p>La cita ser\u00e1 este s\u00e1bado en el Estadio Victoria, en punto de las 20:30 horas. Una de las mayores adversidades que enfrenta el <em>Potro<\/em> es que a\u00fan no termina por saber qui\u00e9n estar\u00e1 disponle para reforzar al grupo.<\/p>\n<p>\u201cLamentable no tener muy claro lo de los Ol\u00edmpicos a un mes, pero es algo presupuestado de que podr\u00eda ser as\u00ed. Estamos tratando de encontrar una columna vertebral que pueda fortalecer al equipo, los nombres los tendr\u00e9 que dar la siguiente semana y en base a esto buscar que el equipo se fortalezca\u201d, coment\u00f3 el t\u00e9cnico del combinado juvenil.<\/p>\n<p>En divisiones inferiores, <strong>Nigeria<\/strong> es un verdadero coco para <strong>M\u00e9xico<\/strong> ya que suele superarlo con facilidad, situaci\u00f3n que obligar\u00e1 al <em>Tri<\/em> a demostrar que tiene argumentos para defender y volver a pelear por la medalla de oro.<\/p>\n<p>\u00bfCu\u00e1l es tu pron\u00f3stico para el <strong>M\u00e9xico vs. Nigeria<\/strong>, <em>crack<\/em>?<\/p>\n","protected":false},"excerpt":{"rendered":"<p>El Tri Ol\u00edmpico regres\u00f3 a la senda de la victoria<\/p>\n","protected":false},"author":20,"featured_media":408137,"comment_status":"closed","ping_status":"closed","sticky":false,"template":"","format":"standard","meta":[],"categories":[2198,3847],"tags":[5979],"_links":{"self":[{"href":"http:\/\/desarrollo.grupomedios.com\/futbol\/wp-json\/wp\/v2\/posts\/407935"}],"collection":[{"href":"http:\/\/desarrollo.grupomedios.com\/futbol\/wp-json\/wp\/v2\/posts"}],"about":[{"href":"http:\/\/desarrollo.grupomedios.com\/futbol\/wp-json\/wp\/v2\/types\/post"}],"author":[{"embeddable":true,"href":"http:\/\/desarrollo.grupomedios.com\/futbol\/wp-json\/wp\/v2\/users\/20"}],"replies":[{"embeddable":true,"href":"http:\/\/desarrollo.grupomedios.com\/futbol\/wp-json\/wp\/v2\/comments?post=407935"}],"version-history":[{"count":0,"href":"http:\/\/desarrollo.grupomedios.com\/futbol\/wp-json\/wp\/v2\/posts\/407935\/revisions"}],"wp:featuredmedia":[{"embeddable":true,"href":"http:\/\/desarrollo.grupomedios.com\/futbol\/wp-json\/wp\/v2\/media\/408137"}],"wp:attachment":[{"href":"http:\/\/desarrollo.grupomedios.com\/futbol\/wp-json\/wp\/v2\/media?parent=407935"}],"wp:term":[{"taxonomy":"category","embeddable":true,"href":"http:\/\/desarrollo.grupomedios.com\/futbol\/wp-json\/wp\/v2\/categories?post=407935"},{"taxonomy":"post_tag","embeddable":true,"href":"http:\/\/desarrollo.grupomedios.com\/futbol\/wp-json\/wp\/v2\/tags?post=407935"}],"curies":[{"name":"wp","href":"https:\/\/api.w.org\/{rel}","templated":true}]}}