{"id":407946,"date":"2016-07-01T18:33:06","date_gmt":"2016-07-01T23:33:06","guid":{"rendered":"http:\/\/www.futboltotal.com.mx\/?p=407946"},"modified":"2016-07-01T18:33:06","modified_gmt":"2016-07-01T23:33:06","slug":"sorteo-del-hexagonal-concacaf-ya-fecha","status":"publish","type":"post","link":"http:\/\/desarrollo.grupomedios.com\/futbol\/futbol-mexicano\/sorteo-del-hexagonal-concacaf-ya-fecha\/2016\/07","title":{"rendered":"Sorteo del Hexagonal de Concacaf ya tiene fecha"},"content":{"rendered":"<p>La <strong>Concacaf<\/strong> anunci\u00f3 que sortear\u00e1 el 8 de julio en Miami el calendario de la fase final de sus eliminatorias en las que se conceden tres plazas directas al Mundial de Rusia y el derecho al cuarto clasificado a jugar por una repesca.<\/p>\n<p>El sorteo determinar\u00e1 la programaci\u00f3n del <strong>hexagonal<\/strong> final, que transcurrir\u00e1 entre el 7 de noviembre y el 14 de octubre de 2017.<\/p>\n<blockquote class=\"twitter-tweet\" data-lang=\"es\">\n<p dir=\"ltr\" lang=\"es\"><a href=\"https:\/\/twitter.com\/hashtag\/Sub23?src=hash\">#Sub23<\/a> Entrenamiento en <a href=\"https:\/\/twitter.com\/hashtag\/Aguascalientes?src=hash\">#Aguascalientes<\/a> de cara al duelo ante <a href=\"https:\/\/twitter.com\/NGSuperEagles\">@NGSuperEagles<\/a>. <a href=\"https:\/\/t.co\/Z3L6unxefP\">pic.twitter.com\/Z3L6unxefP<\/a><\/p>\n<p>\u2014 Selecci\u00f3n Nacional (@miseleccionmx) <a href=\"https:\/\/twitter.com\/miseleccionmx\/status\/749020409987604480\">1 de julio de 2016<\/a><\/p><\/blockquote>\n<p><script src=\"\/\/platform.twitter.com\/widgets.js\" async=\"\" charset=\"utf-8\"><\/script><\/p>\n<p><strong>M\u00e9xico<\/strong>, que marcha invicto en cuatro jornadas del grupo A de la tercera ronda que completan Canad\u00e1, Honduras y El Salvador, anticip\u00f3 ya su clasificaci\u00f3n al <strong>hexagonal<\/strong> final.<\/p>\n<p>Costa Rica, Panam\u00e1, Jamaica y Hait\u00ed forman el grupo 2 y Trinidad y Tobago, Estados Unidos, Guatemala y San Vicente y las Granadinas, integran el grupo 3 de la pen\u00faltima fase.<\/p>\n<p><span style=\"color: #ff0000;\"><strong>VIDEO<\/strong>: Antes figuras, hoy desechos de la Liga MX<\/span><br \/>\n[video_player]https:\/\/player.vimeo.com\/external\/172775164.sd.mp4?s=6df725f59351d09afdbef1c2ce396b6ce4a080be&amp;profile_id=165[\/video_player]<\/p>\n","protected":false},"excerpt":{"rendered":"<p>El Tri est\u00e1 a punto de conocer a sus rivales en las eliminatorias <\/p>\n","protected":false},"author":144,"featured_media":407947,"comment_status":"closed","ping_status":"closed","sticky":false,"template":"","format":"standard","meta":[],"categories":[2198,3847,5950],"tags":[5979],"_links":{"self":[{"href":"http:\/\/desarrollo.grupomedios.com\/futbol\/wp-json\/wp\/v2\/posts\/407946"}],"collection":[{"href":"http:\/\/desarrollo.grupomedios.com\/futbol\/wp-json\/wp\/v2\/posts"}],"about":[{"href":"http:\/\/desarrollo.grupomedios.com\/futbol\/wp-json\/wp\/v2\/types\/post"}],"author":[{"embeddable":true,"href":"http:\/\/desarrollo.grupomedios.com\/futbol\/wp-json\/wp\/v2\/users\/144"}],"replies":[{"embeddable":true,"href":"http:\/\/desarrollo.grupomedios.com\/futbol\/wp-json\/wp\/v2\/comments?post=407946"}],"version-history":[{"count":0,"href":"http:\/\/desarrollo.grupomedios.com\/futbol\/wp-json\/wp\/v2\/posts\/407946\/revisions"}],"wp:featuredmedia":[{"embeddable":true,"href":"http:\/\/desarrollo.grupomedios.com\/futbol\/wp-json\/wp\/v2\/media\/407947"}],"wp:attachment":[{"href":"http:\/\/desarrollo.grupomedios.com\/futbol\/wp-json\/wp\/v2\/media?parent=407946"}],"wp:term":[{"taxonomy":"category","embeddable":true,"href":"http:\/\/desarrollo.grupomedios.com\/futbol\/wp-json\/wp\/v2\/categories?post=407946"},{"taxonomy":"post_tag","embeddable":true,"href":"http:\/\/desarrollo.grupomedios.com\/futbol\/wp-json\/wp\/v2\/tags?post=407946"}],"curies":[{"name":"wp","href":"https:\/\/api.w.org\/{rel}","templated":true}]}}