{"id":408102,"date":"2016-07-02T18:59:15","date_gmt":"2016-07-02T23:59:15","guid":{"rendered":"http:\/\/www.futboltotal.com.mx\/?p=408102"},"modified":"2016-07-02T18:59:15","modified_gmt":"2016-07-02T23:59:15","slug":"cruz-azul-presume-a-sus-refuerzos","status":"publish","type":"post","link":"http:\/\/desarrollo.grupomedios.com\/futbol\/futbol-mexicano\/cruz-azul-presume-a-sus-refuerzos\/2016\/07","title":{"rendered":"Cruz Azul presume a sus refuerzos"},"content":{"rendered":"<p>A dos semanas para que arranque el Apertura 2016, <a href=\"http:\/\/futboltotal.com.mx\/equipos\/cruz-azul\/\" target=\"_blank\"><strong>Cruz Azul<\/strong><\/a> hizo oficial las contrataciones de tres extranjeros, de los cuales destacan la presencia de dos seleccionados chilenos: <strong>Francisco Silva<\/strong> y <strong>Enzo Roco<\/strong>; adem\u00e1s del argentino Jonathan Cristaldo.<\/p>\n<p>Despu\u00e9s de su participaci\u00f3n en la Copa Am\u00e9rica Centenario y tras conseguir el bicampeonato para la <em>Roja<\/em>, los andinos ya se alistan para unirse a la <em>M\u00e1quina<\/em>, donde tendr\u00e1n la obligaci\u00f3n de consolidarse y demostrar el nivel que dan en la selecci\u00f3n.<\/p>\n<blockquote class=\"twitter-tweet\" data-lang=\"es\">\n<p dir=\"ltr\" lang=\"es\">Gato Silva, nuevo refuerzo de La M\u00e1quina,\u00a1Bienvenido! <a href=\"https:\/\/twitter.com\/hashtag\/AzulEsTodo?src=hash\">#AzulEsTodo<\/a> <a href=\"https:\/\/t.co\/JAgiDpYNYj\">pic.twitter.com\/JAgiDpYNYj<\/a><\/p>\n<p>\u2014 CRUZ AZUL FC \u00ae (@Cruz_Azul_FC) <a href=\"https:\/\/twitter.com\/Cruz_Azul_FC\/status\/749323423168487427\">2 de julio de 2016<\/a><\/p><\/blockquote>\n<p><script src=\"\/\/platform.twitter.com\/widgets.js\" async=\"\" charset=\"utf-8\"><\/script><\/p>\n<p>En d\u00edas anteriores, Jonathan Cristaldo arrib\u00f3 a la Ciudad de M\u00e9xico donde dej\u00f3 claro que si bien le ilusiona formar parte del <strong>Cruz Azul<\/strong>, no le presiona la sequ\u00eda del club de 19 a\u00f1os sin conseguir un t\u00edtulo de liga.<\/p>\n<blockquote class=\"twitter-tweet\" data-lang=\"es\"><p>\nJonathan Cristaldo, nuevo refuerzo de La M\u00e1quina, \u00a1Bienvenido! <a href=\"https:\/\/twitter.com\/hashtag\/AzulEsTodo?src=hash\">#AzulEsTodo<\/a> <a href=\"https:\/\/t.co\/Zzpj6yuL4i\">pic.twitter.com\/Zzpj6yuL4i<\/a><\/p>\n<p>\u2014 CRUZ AZUL FC \u00ae (@Cruz_Azul_FC) <a href=\"https:\/\/twitter.com\/Cruz_Azul_FC\/status\/749325709659803649\">2 de julio de 2016<\/a>\n<\/p><\/blockquote>\n<p><script src=\"\/\/platform.twitter.com\/widgets.js\" async=\"\" charset=\"utf-8\"><\/script><\/p>\n<p>Para el arranque del torneo, los <em>Cementeros<\/em> tienen como prioridad conseguir regularidad para evitar pelear por la permanencia en el m\u00e1ximo circuito y despu\u00e9s pensar en regresar a Liguilla, misma de la que se ausentan desde hace dos a\u00f1os.<\/p>\n<blockquote class=\"twitter-tweet\" data-lang=\"es\">\n<p dir=\"ltr\" lang=\"es\">Enzo Pablo Roco Roco, nuevo refuerzo de La M\u00e1quina, \u00a1Bienvenido! <a href=\"https:\/\/twitter.com\/hashtag\/AzulEsTodo?src=hash\">#AzulEsTodo<\/a> <a href=\"https:\/\/t.co\/YKZUTunc9I\">pic.twitter.com\/YKZUTunc9I<\/a><\/p>\n<p>\u2014 CRUZ AZUL FC \u00ae (@Cruz_Azul_FC) <a href=\"https:\/\/twitter.com\/Cruz_Azul_FC\/status\/749327514355589120\">2 de julio de 2016<\/a><\/p><\/blockquote>\n<p><script src=\"\/\/platform.twitter.com\/widgets.js\" async=\"\" charset=\"utf-8\"><\/script><\/p>\n","protected":false},"excerpt":{"rendered":"<p>La M\u00e1quina oficializ\u00f3 sus tres contrataciones <\/p>\n","protected":false},"author":20,"featured_media":408103,"comment_status":"closed","ping_status":"closed","sticky":false,"template":"","format":"standard","meta":[],"categories":[2198,3845,5950],"tags":[5962],"_links":{"self":[{"href":"http:\/\/desarrollo.grupomedios.com\/futbol\/wp-json\/wp\/v2\/posts\/408102"}],"collection":[{"href":"http:\/\/desarrollo.grupomedios.com\/futbol\/wp-json\/wp\/v2\/posts"}],"about":[{"href":"http:\/\/desarrollo.grupomedios.com\/futbol\/wp-json\/wp\/v2\/types\/post"}],"author":[{"embeddable":true,"href":"http:\/\/desarrollo.grupomedios.com\/futbol\/wp-json\/wp\/v2\/users\/20"}],"replies":[{"embeddable":true,"href":"http:\/\/desarrollo.grupomedios.com\/futbol\/wp-json\/wp\/v2\/comments?post=408102"}],"version-history":[{"count":0,"href":"http:\/\/desarrollo.grupomedios.com\/futbol\/wp-json\/wp\/v2\/posts\/408102\/revisions"}],"wp:featuredmedia":[{"embeddable":true,"href":"http:\/\/desarrollo.grupomedios.com\/futbol\/wp-json\/wp\/v2\/media\/408103"}],"wp:attachment":[{"href":"http:\/\/desarrollo.grupomedios.com\/futbol\/wp-json\/wp\/v2\/media?parent=408102"}],"wp:term":[{"taxonomy":"category","embeddable":true,"href":"http:\/\/desarrollo.grupomedios.com\/futbol\/wp-json\/wp\/v2\/categories?post=408102"},{"taxonomy":"post_tag","embeddable":true,"href":"http:\/\/desarrollo.grupomedios.com\/futbol\/wp-json\/wp\/v2\/tags?post=408102"}],"curies":[{"name":"wp","href":"https:\/\/api.w.org\/{rel}","templated":true}]}}