{"id":408126,"date":"2016-07-03T15:00:24","date_gmt":"2016-07-03T20:00:24","guid":{"rendered":"http:\/\/www.futboltotal.com.mx\/?p=408126"},"modified":"2016-08-30T11:35:32","modified_gmt":"2016-08-30T16:35:32","slug":"en-vivo-francia-vs-islandia-eurocopa","status":"publish","type":"post","link":"http:\/\/desarrollo.grupomedios.com\/futbol\/futbol-internacional\/en-vivo-francia-vs-islandia-eurocopa\/2016\/07","title":{"rendered":"AS\u00cd SE VIVI\u00d3 | Francia 5-2 Islandia | Eurocopa"},"content":{"rendered":"<p><span style=\"color: #ff0000;\">90:00<\/span>\u00a0| Muchas gracias por habernos acompa\u00f1ado en nuestra cobertura. Nos leemos en el pr\u00f3ximo partido. sigan las reacciones por Futbltotal.com. Hasta la pr\u00f3xima.<\/p>\n<p><span style=\"color: #ff0000;\">90:00<\/span>\u00a0| \u00a1Se acab\u00f3 el partido! Francia se convierte en semifinalista tras golear 5-2 a Islandia. Ahora se medir\u00e1n el pr\u00f3ximo jueves ante Alemania.<\/p>\n<p><span style=\"color: #ff0000;\">88: 00<\/span>\u00a0| As\u00ed marc\u00f3 Islandia el segundo gol ante Francia. Nunca se han dado por vencidos.<\/p>\n<blockquote class=\"twitter-tweet\" data-lang=\"es\">\n<p dir=\"ltr\" lang=\"es\"><a href=\"https:\/\/twitter.com\/hashtag\/EurocopaEnTD?src=hash\">#EurocopaEnTD<\/a> \u00a1GOOOL DE <a href=\"https:\/\/twitter.com\/hashtag\/ISL?src=hash\">#ISL<\/a>! Bjarnason define de cabeza \u00a1EN VIVO! en TDcom <a href=\"https:\/\/t.co\/4srogEtfni\">https:\/\/t.co\/4srogEtfni<\/a> <a href=\"https:\/\/t.co\/wlqEHNahJC\">https:\/\/t.co\/wlqEHNahJC<\/a><\/p>\n<p>\u2014 Televisa Deportes (@TD_Deportes) <a href=\"https:\/\/twitter.com\/TD_Deportes\/status\/749705166060818432\">3 de julio de 2016<\/a><\/p><\/blockquote>\n<p><script src=\"\/\/platform.twitter.com\/widgets.js\" async=\"\" charset=\"utf-8\"><\/script><br \/>\n<span style=\"color: #ff0000;\">85: 00<\/span>\u00a0| Bjarnason se eleva dentro del \u00e1rea para rematar un gran trazo de\u00a0Sk\u00falason.<\/p>\n<p><a href=\"http:\/\/www.futboltotal.com.mx\/wp-content\/uploads\/2016\/07\/bjanrsson.jpg\"><img decoding=\"async\" loading=\"lazy\" class=\"alignnone size-full wp-image-408277\" src=\"http:\/\/www.futboltotal.com.mx\/wp-content\/uploads\/2016\/07\/bjanrsson.jpg\" alt=\"bjanrsson\" srcset=\"http:\/\/desarrollo.grupomedios.com\/futbol\/wp-content\/uploads\/2016\/07\/bjanrsson.jpg 858w, http:\/\/desarrollo.grupomedios.com\/futbol\/wp-content\/uploads\/2016\/07\/bjanrsson-300x151.jpg 300w, http:\/\/desarrollo.grupomedios.com\/futbol\/wp-content\/uploads\/2016\/07\/bjanrsson-768x386.jpg 768w, http:\/\/desarrollo.grupomedios.com\/futbol\/wp-content\/uploads\/2016\/07\/bjanrsson-340x171.jpg 340w\" sizes=\"(max-width: 858px) 100vw, 858px\" \/><\/a><\/p>\n<p><span style=\"color: #ff0000;\">83: 00<\/span>\u00a0| \u00a0\u00a1Goooooooooooooooooooool de Islandia!<\/p>\n<p><span style=\"color: #ff0000;\">80: 00<\/span>\u00a0| \u00daltimo CAMBIO de Francia: Se va Dimitri Payet e ingresa Kingsley Coman.<\/p>\n<p><span style=\"color: #ff0000;\">78: 00<\/span>\u00a0| \u00a0Sigurdsson intenta sacar un fogonazo fuera del \u00e1rea, pero se lo impide Magala con una potente barrida.<\/p>\n<p><span style=\"color: #ff0000;\">76: 00<\/span>\u00a0| Francia ha bajado por completo las revoluciones y comienza a desesperar a Islandia, que intenta hacer labores de recuperaci\u00f3n pero no consigue hacer ante el buen toque del rival.<\/p>\n<p><span style=\"color: #ff0000;\">72: 00<\/span>\u00a0| CAMBIO de Francia: Se va Koscienly e ingresa Mangala.<\/p>\n<p><span style=\"color: #ff0000;\">70: 00<\/span>\u00a0| As\u00ed celebr\u00f3 Giroud su doblete y el quinto gol de la selecci\u00f3n de Francia.<a href=\"http:\/\/www.futboltotal.com.mx\/wp-content\/uploads\/2016\/07\/Giroud-cinco-goles.jpg\"><img decoding=\"async\" loading=\"lazy\" class=\"alignnone size-full wp-image-408267\" src=\"http:\/\/www.futboltotal.com.mx\/wp-content\/uploads\/2016\/07\/Giroud-cinco-goles.jpg\" alt=\"Giroud-cinco-goles\" srcset=\"http:\/\/desarrollo.grupomedios.com\/futbol\/wp-content\/uploads\/2016\/07\/Giroud-cinco-goles.jpg 858w, http:\/\/desarrollo.grupomedios.com\/futbol\/wp-content\/uploads\/2016\/07\/Giroud-cinco-goles-300x151.jpg 300w, http:\/\/desarrollo.grupomedios.com\/futbol\/wp-content\/uploads\/2016\/07\/Giroud-cinco-goles-768x386.jpg 768w, http:\/\/desarrollo.grupomedios.com\/futbol\/wp-content\/uploads\/2016\/07\/Giroud-cinco-goles-340x171.jpg 340w\" sizes=\"(max-width: 858px) 100vw, 858px\" \/><\/a><\/p>\n<p><span style=\"color: #ff0000;\">64:00<\/span>\u00a0| Contragolpe fulminante de Francia y Gignac saca un disparo que se estrella en un zaguero island\u00e9s.<\/p>\n<p><span style=\"color: #ff0000;\">62:00<\/span>\u00a0| \u00a1La tapa Giroud! Tras tiro de esquina para Islandia &#8230;Gudmunsson cobra, remata\u00a0Sigurdsson con un frentazo y el arquero franc\u00e9s evita el segundo gol.<\/p>\n<p><span style=\"color: #ff0000;\">60:00<\/span>\u00a0| CAMBIO de Francia: Se marcha Giroud e ingresa Andr\u00e9 Pierre Gignac.<\/p>\n<p><span style=\"color: #ff0000;\">58:00<\/span>\u00a0| De la falta sobre Giroud surge el cobro de tiro libre de Payet, que va directo al \u00e1rea, donde Giroud remata ante la d\u00e9bil marca islandesa.<\/p>\n<blockquote class=\"twitter-tweet\" data-lang=\"es\"><p><a href=\"https:\/\/twitter.com\/hashtag\/EurocopaEnTD?src=hash\">#EurocopaEnTD<\/a> \u00a1GOOOL DE <a href=\"https:\/\/twitter.com\/hashtag\/FRA?src=hash\">#FRA<\/a>! Giroud marca el quinto \u00a1EN VIVO! en TDcom <a href=\"https:\/\/t.co\/4srogEtfni\">https:\/\/t.co\/4srogEtfni<\/a> <a href=\"https:\/\/t.co\/VnVitUDgR9\">https:\/\/t.co\/VnVitUDgR9<\/a><\/p>\n<p>\u2014 Televisa Deportes (@TD_Deportes) <a href=\"https:\/\/twitter.com\/TD_Deportes\/status\/749698960378327040\">3 de julio de 2016<\/a><\/p><\/blockquote>\n<p><script src=\"\/\/platform.twitter.com\/widgets.js\" async=\"\" charset=\"utf-8\"><\/script><\/p>\n<p><span style=\"color: #ff0000;\">58:00<\/span>\u00a0| \u00a1Gooooooooooooooooooooooooooooooooooool de Francia!<\/p>\n<p><span style=\"color: #ff0000;\">57:00<\/span>\u00a0| \u00a1Primera amonestaci\u00f3n del partido! Bjarnason entra con lo tacos por delante y se lleva a Giroud.<\/p>\n<p><span style=\"color: #ff0000;\">54:00<\/span>\u00a0| Kolbeinn Sigthorsson remata dentro del \u00e1rea un servicio por la banda derecha de las botas de\u00a0Sigurdsson.<\/p>\n<p><span style=\"color: #ff0000;\">54:00<\/span>\u00a0| \u00a1Gooooooooooooooooooooooooooooooooooool de Islandia!<\/p>\n<p><span style=\"color: #ff0000;\">52:00<\/span>\u00a0| Responde la selecci\u00f3n de Islandia con un tiro fuera del \u00e1rea\u00a0Gudmundson.<\/p>\n<p><span style=\"color: #ff0000;\">48:00<\/span>\u00a0| Zapatazo de Pogba que pasa muy desviado del marco de Halld\u00f3rsson.<\/p>\n<p><span style=\"color: #ff0000;\">48:00<\/span>\u00a0| Doble CAMBIO de la selecci\u00f3n de Islandia: ingresan Finnbogason e Ingason, se marchan B\u00f6dvarsson y \u00c1rnason.<\/p>\n<p><span style=\"color: #ff0000;\">46:00<\/span>\u00a0| \u00a1Arranca el segundo tiempo! Mueve la selecci\u00f3n de Islandia&#8230;<\/p>\n<p><span style=\"color: #ff0000;\">45:00<\/span>\u00a0| \u00a1Acaba el primer tiempo! \u00a0Francia golea al descanso 4-0 a Islandia.<\/p>\n<p><span style=\"color: #ff0000;\">44:00<\/span>\u00a0| \u00a1\u00a1Tremendo Antoine Griezman!! Taconazo de Giroud en el centro del campo y Antoine mete un pique de velocista y define con una vaselina descomunal ante la salida del arquero Halld\u00f3rsson.<\/p>\n<p><span style=\"color: #ff0000;\">42:00<\/span>\u00a0| \u00a1Gooooooooooooooooooooooool de Francia!<\/p>\n<blockquote class=\"twitter-tweet\" data-lang=\"es\"><p><a href=\"https:\/\/twitter.com\/hashtag\/EurocopaEnTD?src=hash\">#EurocopaEnTD<\/a> \u00a1GOOOOL DE <a href=\"https:\/\/twitter.com\/hashtag\/FRA?src=hash\">#FRA<\/a>! Griezmann define el cuarto \u00a1EN VIVO! en TDcom <a href=\"https:\/\/t.co\/4srogEtfni\">https:\/\/t.co\/4srogEtfni<\/a> <a href=\"https:\/\/t.co\/y3uxyp9W9x\">https:\/\/t.co\/y3uxyp9W9x<\/a><\/p>\n<p>\u2014 Televisa Deportes (@TD_Deportes) <a href=\"https:\/\/twitter.com\/TD_Deportes\/status\/749691026625880064\">3 de julio de 2016<\/a><\/p><\/blockquote>\n<p><script src=\"\/\/platform.twitter.com\/widgets.js\" async=\"\" charset=\"utf-8\"><\/script><\/p>\n<p><span style=\"color: #ff0000;\">42:00<\/span>\u00a0| Giroud gana un bal\u00f3n por aire dentro del \u00e1rea y lo da a Griezmann y este a su vez se lo deja a Payet, que no perdona y saca un fogonazo fuera del \u00e1rea.<\/p>\n<p><span style=\"color: #ff0000;\">42:00<\/span>\u00a0| \u00a1Goooooooooooooooooooooooooooooooooool de Francia!<\/p>\n<blockquote class=\"twitter-tweet\" data-lang=\"es\"><p><a href=\"https:\/\/twitter.com\/hashtag\/EurocopaEnTD?src=hash\">#EurocopaEnTD<\/a> \u00a1GOOOOL DE <a href=\"https:\/\/twitter.com\/hashtag\/FRA?src=hash\">#FRA<\/a>! Payet define el tercero \u00a1EN VIVO! en TDcom <a href=\"https:\/\/t.co\/4srogEtfni\">https:\/\/t.co\/4srogEtfni<\/a> <a href=\"https:\/\/t.co\/mWfMblPMEj\">https:\/\/t.co\/mWfMblPMEj<\/a><\/p>\n<p>\u2014 Televisa Deportes (@TD_Deportes) <a href=\"https:\/\/twitter.com\/TD_Deportes\/status\/749690478681993218\">3 de julio de 2016<\/a><\/p><\/blockquote>\n<p><script src=\"\/\/platform.twitter.com\/widgets.js\" async=\"\" charset=\"utf-8\"><\/script><\/p>\n<p><span style=\"color: #ff0000;\">38:00<\/span>\u00a0| Payet hace una gran jugada por izquierda, llega alinea de fondo y mete un pase retrasado a Matuidi&#8230; el bal\u00f3n acaba en la grada.<\/p>\n<p><span style=\"color: #ff0000;\">36:00<\/span>\u00a0| Arnason corta una gran pase filtrado de Dimitri Payet y evita que Giroux reciba dentro del \u00e1rea para fusilar a Halld\u00f3rsson.<\/p>\n<p><span style=\"color: #ff0000;\">32:00<\/span>\u00a0| \u00bfPodr\u00e1 remontar la selecci\u00f3n de Islandia? Francia nunca ha perdido un partido cuando anota Giroux, seg\u00fan UEFA. El saldo: 13 victorias y un empate.<\/p>\n<p><span style=\"color: #ff0000;\">30:00<\/span>\u00a0| Islandia no encuentra c\u00f3mo superar el mediocampo y termina por sacar pelotazos imprecisos que terminan recuperando los franceses.<\/p>\n<p><span style=\"color: #ff0000;\">26:00<\/span> | As\u00ed fue el gol de Paul Pogba que tiene a Francia con ventaja de 2-0 sobre Islandia.<\/p>\n<blockquote class=\"twitter-tweet\" data-lang=\"es\"><p><a href=\"https:\/\/twitter.com\/hashtag\/EurocopaEnTD?src=hash\">#EurocopaEnTD<\/a> \u00a1GOOOOL DE <a href=\"https:\/\/twitter.com\/hashtag\/FRA?src=hash\">#FRA<\/a>! Pogba hace el segundo \u00a1EN VIVO! en TDcom <a href=\"https:\/\/t.co\/4srogEtfni\">https:\/\/t.co\/4srogEtfni<\/a> <a href=\"https:\/\/t.co\/eg76QBsL4B\">https:\/\/t.co\/eg76QBsL4B<\/a><\/p>\n<p>\u2014 Televisa Deportes (@TD_Deportes) <a href=\"https:\/\/twitter.com\/TD_Deportes\/status\/749684656916688896\">3 de julio de 2016<\/a><\/p><\/blockquote>\n<p><script src=\"\/\/platform.twitter.com\/widgets.js\" async=\"\" charset=\"utf-8\"><\/script><\/p>\n<p><span style=\"color: #ff0000;\">24:00 <\/span>| \u00a1Casi marca Islandia! B\u00f6dvarsson intenta rematar dentro del \u00e1rea tras un saque de banda y el esf\u00e9rico pasa por encima del marco de Lloris.<\/p>\n<p><span style=\"color: #ff0000;\">20:00\u00a0<\/span>| Hubo un c\u00f3rner por la punta izquierda que cobr\u00f3 Griezmann a segundo poste y Paul Pogba aprovecho la d\u00e9bil marca de B\u00f6dvarsson y pega un salto diametral para estar un frentazo impecable.<\/p>\n<p><a href=\"http:\/\/www.futboltotal.com.mx\/wp-content\/uploads\/2016\/07\/Pogba.jpg\"><img decoding=\"async\" loading=\"lazy\" class=\"alignnone size-full wp-image-408238\" src=\"http:\/\/www.futboltotal.com.mx\/wp-content\/uploads\/2016\/07\/Pogba.jpg\" alt=\"Pogba\" srcset=\"http:\/\/desarrollo.grupomedios.com\/futbol\/wp-content\/uploads\/2016\/07\/Pogba.jpg 858w, http:\/\/desarrollo.grupomedios.com\/futbol\/wp-content\/uploads\/2016\/07\/Pogba-300x151.jpg 300w, http:\/\/desarrollo.grupomedios.com\/futbol\/wp-content\/uploads\/2016\/07\/Pogba-768x386.jpg 768w, http:\/\/desarrollo.grupomedios.com\/futbol\/wp-content\/uploads\/2016\/07\/Pogba-340x171.jpg 340w\" sizes=\"(max-width: 858px) 100vw, 858px\" \/><\/a><\/p>\n<p><span style=\"color: #ff0000;\">20:00 <\/span>| \u00a1Goooooooooooooooooooooooooool de Francia!<\/p>\n<p><span style=\"color: #ff0000;\">18:00<\/span>\u00a0\u00a0| B\u00f6dvarsson remata un centro del \u00e1rea pero la marca de Koscileny le impide sacar un frentazo s\u00f3lido.<\/p>\n<p><span style=\"color: #ff0000;\">16:00<\/span>\u00a0\u00a0| Islandia intenta reaccionar pronto al gol y su afici\u00f3n la aliena desde la grada con grito vikingo<\/p>\n<p><span style=\"color: #ff0000;\">14:00<\/span>\u00a0\u00a0| El franc\u00e9s recibe un gran pase filtrado de Matuidi, recibe en l\u00ednea dentro del \u00e1rea y saca un derechazo cruzado que acaba en el fondo de la red.<\/p>\n<p><a href=\"http:\/\/www.futboltotal.com.mx\/wp-content\/uploads\/2016\/07\/Giroud.jpg\"><img decoding=\"async\" loading=\"lazy\" class=\"alignnone size-full wp-image-408233\" src=\"http:\/\/www.futboltotal.com.mx\/wp-content\/uploads\/2016\/07\/Giroud.jpg\" alt=\"Giroud\" srcset=\"http:\/\/desarrollo.grupomedios.com\/futbol\/wp-content\/uploads\/2016\/07\/Giroud.jpg 858w, http:\/\/desarrollo.grupomedios.com\/futbol\/wp-content\/uploads\/2016\/07\/Giroud-300x151.jpg 300w, http:\/\/desarrollo.grupomedios.com\/futbol\/wp-content\/uploads\/2016\/07\/Giroud-768x386.jpg 768w, http:\/\/desarrollo.grupomedios.com\/futbol\/wp-content\/uploads\/2016\/07\/Giroud-340x171.jpg 340w\" sizes=\"(max-width: 858px) 100vw, 858px\" \/><\/a><\/p>\n<p><span style=\"color: #ff0000;\">12:00<\/span>\u00a0\u00a0| \u00a1Goooooooooooooooooool de Francia!<\/p>\n<blockquote class=\"twitter-tweet\" data-lang=\"es\"><p><a href=\"https:\/\/twitter.com\/hashtag\/EurocopaEnTD?src=hash\">#EurocopaEnTD<\/a> \u00a1GOOOOL DE <a href=\"https:\/\/twitter.com\/hashtag\/FRA?src=hash\">#FRA<\/a>! Giroud abre el marcador \u00a1EN VIVO! en TDcom <a href=\"https:\/\/t.co\/4srogEtfni\">https:\/\/t.co\/4srogEtfni<\/a> <a href=\"https:\/\/t.co\/6CDzSJElI0\">https:\/\/t.co\/6CDzSJElI0<\/a><\/p>\n<p>\u2014 Televisa Deportes (@TD_Deportes) <a href=\"https:\/\/twitter.com\/TD_Deportes\/status\/749682846466338816\">3 de julio de 2016<\/a><\/p><\/blockquote>\n<p><script src=\"\/\/platform.twitter.com\/widgets.js\" async=\"\" charset=\"utf-8\"><\/script><\/p>\n<p><span style=\"color: #ff0000;\">10:00<\/span>\u00a0\u00a0| Bjarnason saca un tiro afuera del \u00e1rea que pasa desviado del marco de Lloris.<\/p>\n<p><span style=\"color: #ff0000;\">08:00\u00a0\u00a0<\/span>| Otra falta de Islandia&#8230; Ahora cae Payet en el medio campo.<\/p>\n<p><span style=\"color: #ff0000;\">07:00\u00a0\u00a0<\/span>| Sale Halld\u00f3rsson y ataja un centro por derecha evitando que Giroux abra el marcador.<\/p>\n<p><span style=\"color: #ff0000;\">06:00<\/span>\u00a0| \u00a1Tiro de Payet! Buena jugada de Francia, que hilvana seis toques hasta que Dimitri saca un tiro fuera del \u00e1rea que sale a las manos del arquero Halld\u00f3rsson.<\/p>\n<p><span style=\"color: #ff0000;\">04:00<\/span>\u00a0| Gilfy Sigurdsson recibe el esf\u00e9rico dentro del \u00e1rea y saca un trio raso que atrapa Hugo Lloris.<\/p>\n<p><span style=\"color: #ff0000;\">02:00<\/span>\u00a0| \u00a0Cae la primera falta. Tiro libre de Francia&#8230; la jugada se pierde por una falta de Pogba dentro del \u00e1rea.<\/p>\n<p><span style=\"color: #ff0000;\">00:00<\/span>\u00a0| \u00a1Arranca el partido! Mueve la selecci\u00f3n de Francia&#8230;<\/p>\n<p><a href=\"http:\/\/www.futboltotal.com.mx\/wp-content\/uploads\/2016\/07\/Arranca-el-partido.jpg\"><img decoding=\"async\" loading=\"lazy\" class=\"alignnone size-full wp-image-408226\" src=\"http:\/\/www.futboltotal.com.mx\/wp-content\/uploads\/2016\/07\/Arranca-el-partido.jpg\" alt=\"Arranca-el-partido\" srcset=\"http:\/\/desarrollo.grupomedios.com\/futbol\/wp-content\/uploads\/2016\/07\/Arranca-el-partido.jpg 858w, http:\/\/desarrollo.grupomedios.com\/futbol\/wp-content\/uploads\/2016\/07\/Arranca-el-partido-300x151.jpg 300w, http:\/\/desarrollo.grupomedios.com\/futbol\/wp-content\/uploads\/2016\/07\/Arranca-el-partido-768x386.jpg 768w, http:\/\/desarrollo.grupomedios.com\/futbol\/wp-content\/uploads\/2016\/07\/Arranca-el-partido-340x171.jpg 340w\" sizes=\"(max-width: 858px) 100vw, 858px\" \/><\/a><\/p>\n<p><span style=\"color: #ff0000;\">00:00<\/span>\u00a0| Todo listo para que arranque el partido \u00bfQui\u00e9n ser\u00eda el semifinalista?<\/p>\n<p><span style=\"color: #ff0000;\">00:00<\/span>\u00a0| Espectacular ovaci\u00f3n de la afici\u00f3n de Francia tras la ceremonia de los Himnos.<\/p>\n<p><a href=\"http:\/\/www.futboltotal.com.mx\/wp-content\/uploads\/2016\/07\/FRANCIA.jpg\"><img decoding=\"async\" loading=\"lazy\" class=\"alignnone size-full wp-image-408220\" src=\"http:\/\/www.futboltotal.com.mx\/wp-content\/uploads\/2016\/07\/FRANCIA.jpg\" alt=\"FRANCIA\" srcset=\"http:\/\/desarrollo.grupomedios.com\/futbol\/wp-content\/uploads\/2016\/07\/FRANCIA.jpg 858w, http:\/\/desarrollo.grupomedios.com\/futbol\/wp-content\/uploads\/2016\/07\/FRANCIA-300x151.jpg 300w, http:\/\/desarrollo.grupomedios.com\/futbol\/wp-content\/uploads\/2016\/07\/FRANCIA-768x386.jpg 768w, http:\/\/desarrollo.grupomedios.com\/futbol\/wp-content\/uploads\/2016\/07\/FRANCIA-340x171.jpg 340w\" sizes=\"(max-width: 858px) 100vw, 858px\" \/><\/a><\/p>\n<p><span style=\"color: #ff0000;\">00:00<\/span>\u00a0| Ahora es el turno para Francia&#8230; \u00a1Se entona la Marsellesa!<\/p>\n<p><span style=\"color: #ff0000;\">00:00<\/span>\u00a0| \u00a1Suena el Himno de Islandia!<\/p>\n<p><span style=\"color: #ff0000;\">00:00<\/span>\u00a0| Los equipos ya saltan a la cancha para la ceremonia protocolaria.<\/p>\n<p><span style=\"color: #ff0000;\">00:00<\/span>\u00a0| Los hinchas de Islandia abarrotaron el coloso para apoyar a los suyos.<br \/>\n<a href=\"http:\/\/www.futboltotal.com.mx\/wp-content\/uploads\/2016\/07\/Islandia.jpg\"><img decoding=\"async\" loading=\"lazy\" class=\"alignnone size-full wp-image-408215\" src=\"http:\/\/www.futboltotal.com.mx\/wp-content\/uploads\/2016\/07\/Islandia.jpg\" alt=\"Islandia\" srcset=\"http:\/\/desarrollo.grupomedios.com\/futbol\/wp-content\/uploads\/2016\/07\/Islandia.jpg 858w, http:\/\/desarrollo.grupomedios.com\/futbol\/wp-content\/uploads\/2016\/07\/Islandia-300x151.jpg 300w, http:\/\/desarrollo.grupomedios.com\/futbol\/wp-content\/uploads\/2016\/07\/Islandia-768x386.jpg 768w, http:\/\/desarrollo.grupomedios.com\/futbol\/wp-content\/uploads\/2016\/07\/Islandia-340x171.jpg 340w\" sizes=\"(max-width: 858px) 100vw, 858px\" \/><\/a><\/p>\n<p><span style=\"color: #ff0000;\">00:00<\/span>\u00a0| Antes de ir al Stade de France repasemos los resultados de los Cuartos de Final.<\/p>\n<p><a href=\"http:\/\/www.futboltotal.com.mx\/wp-content\/uploads\/2016\/07\/Semis.jpg\"><img decoding=\"async\" loading=\"lazy\" class=\"alignnone size-full wp-image-408203\" src=\"http:\/\/www.futboltotal.com.mx\/wp-content\/uploads\/2016\/07\/Semis.jpg\" alt=\"Semis\" srcset=\"http:\/\/desarrollo.grupomedios.com\/futbol\/wp-content\/uploads\/2016\/07\/Semis.jpg 988w, http:\/\/desarrollo.grupomedios.com\/futbol\/wp-content\/uploads\/2016\/07\/Semis-300x169.jpg 300w, http:\/\/desarrollo.grupomedios.com\/futbol\/wp-content\/uploads\/2016\/07\/Semis-768x432.jpg 768w, http:\/\/desarrollo.grupomedios.com\/futbol\/wp-content\/uploads\/2016\/07\/Semis-317x178.jpg 317w, http:\/\/desarrollo.grupomedios.com\/futbol\/wp-content\/uploads\/2016\/07\/Semis-535x301.jpg 535w, http:\/\/desarrollo.grupomedios.com\/futbol\/wp-content\/uploads\/2016\/07\/Semis-374x210.jpg 374w\" sizes=\"(max-width: 988px) 100vw, 988px\" \/><\/a><\/p>\n<p><span style=\"color: #ff0000;\">00:00<\/span> |\u00a0<b>XI de Islandia\u00a0<\/b>vs Francia:\u00a0Halldorsson; Saevarsson, R. Sigurdsson, Arnasson, Skulason; Gudmundsson, Bjarnasson, G. Sigurdsson, Gunnarsson; Sigthorsson y Bodvarsson.<\/p>\n<p><span style=\"color: #ff0000;\">00:00<\/span> | <b>XI de<\/b>\u00a0<strong>Francia<\/strong> vs Islandia:\u00a0Lloris; Sagna, Koscielny, Umtiti, Evra; Sissoko; Payet, Pogba, Matuidi, Griezmann; y Giroud.<\/p>\n<p><span style=\"color: #ff0000;\">00:00<\/span> | Ya tenemos alineaciones confirmadas para este gran partido.<\/p>\n<blockquote class=\"twitter-tweet\" data-lang=\"es\"><p>Alineaciones del <a href=\"https:\/\/twitter.com\/hashtag\/FRA?src=hash\">#FRA<\/a> &#8211; <a href=\"https:\/\/twitter.com\/hashtag\/ISL?src=hash\">#ISL<\/a>.<br \/>\nSigue en directo el <a href=\"https:\/\/twitter.com\/hashtag\/FRAISL?src=hash\">#FRAISL<\/a> en nuestro MatchCentre: <a href=\"https:\/\/t.co\/g41KQ7FhKD\">https:\/\/t.co\/g41KQ7FhKD<\/a> <a href=\"https:\/\/twitter.com\/hashtag\/EURO2016?src=hash\">#EURO2016<\/a> <a href=\"https:\/\/t.co\/p7r6PAmRAc\">pic.twitter.com\/p7r6PAmRAc<\/a><\/p>\n<p>\u2014 UEFA.com en espa\u00f1ol (@UEFAcom_es) <a href=\"https:\/\/twitter.com\/UEFAcom_es\/status\/749662531338268672\">3 de julio de 2016<\/a><\/p><\/blockquote>\n<p><script src=\"\/\/platform.twitter.com\/widgets.js\" async=\"\" charset=\"utf-8\"><\/script><\/p>\n<p><span style=\"color: #ff0000;\">00:00<\/span> | \u00bfConseguir\u00e1 avanzar el anfitri\u00f3n Francia o seguir\u00e1 adelante Islandia con una historia participaci\u00f3n?<\/p>\n<p><span style=\"color: #ff0000;\">00:00<\/span> | \u00a1Buena tarde, Cracks! Bienvenidos al \u00faltimo duelo de Cuartos de Final de la Euro 2016 entre Francia e Islandia.<\/p>\n<p>&nbsp;<\/p>\n","protected":false},"excerpt":{"rendered":"<p>El anfitri\u00f3n Francia acaba con el sue\u00f1o island\u00e9s y llega a Semifinales de la Euro 2016<\/p>\n","protected":false},"author":20,"featured_media":408267,"comment_status":"closed","ping_status":"closed","sticky":false,"template":"","format":"standard","meta":[],"categories":[6995,3839,6999],"tags":[2236,4632],"_links":{"self":[{"href":"http:\/\/desarrollo.grupomedios.com\/futbol\/wp-json\/wp\/v2\/posts\/408126"}],"collection":[{"href":"http:\/\/desarrollo.grupomedios.com\/futbol\/wp-json\/wp\/v2\/posts"}],"about":[{"href":"http:\/\/desarrollo.grupomedios.com\/futbol\/wp-json\/wp\/v2\/types\/post"}],"author":[{"embeddable":true,"href":"http:\/\/desarrollo.grupomedios.com\/futbol\/wp-json\/wp\/v2\/users\/20"}],"replies":[{"embeddable":true,"href":"http:\/\/desarrollo.grupomedios.com\/futbol\/wp-json\/wp\/v2\/comments?post=408126"}],"version-history":[{"count":0,"href":"http:\/\/desarrollo.grupomedios.com\/futbol\/wp-json\/wp\/v2\/posts\/408126\/revisions"}],"wp:featuredmedia":[{"embeddable":true,"href":"http:\/\/desarrollo.grupomedios.com\/futbol\/wp-json\/wp\/v2\/media\/408267"}],"wp:attachment":[{"href":"http:\/\/desarrollo.grupomedios.com\/futbol\/wp-json\/wp\/v2\/media?parent=408126"}],"wp:term":[{"taxonomy":"category","embeddable":true,"href":"http:\/\/desarrollo.grupomedios.com\/futbol\/wp-json\/wp\/v2\/categories?post=408126"},{"taxonomy":"post_tag","embeddable":true,"href":"http:\/\/desarrollo.grupomedios.com\/futbol\/wp-json\/wp\/v2\/tags?post=408126"}],"curies":[{"name":"wp","href":"https:\/\/api.w.org\/{rel}","templated":true}]}}