{"id":408183,"date":"2016-07-03T10:00:12","date_gmt":"2016-07-03T15:00:12","guid":{"rendered":"http:\/\/www.futboltotal.com.mx\/?p=408183"},"modified":"2016-07-03T16:42:11","modified_gmt":"2016-07-03T21:42:11","slug":"manchester-city-presenta-a-guardiola","status":"publish","type":"post","link":"http:\/\/desarrollo.grupomedios.com\/futbol\/futbol-internacional\/manchester-city-presenta-a-guardiola\/2016\/07","title":{"rendered":"\u00a1Comienza &#8216;Era&#8217; Guardiola en Manchester!"},"content":{"rendered":"<p>El espa\u00f1ol<strong> Josep Guardiola<\/strong>, ha asegurado este domingo, en su multitudinaria presentaci\u00f3n oficial como nuevo inquilino del banquillo del <strong>Manchester City<\/strong>, que quiere &#8220;demostrar en Inglaterra&#8221; que es &#8220;buen entrenador&#8221;.<\/p>\n<p>Despu\u00e9s de brillar en La Liga y en la Bundesliga, con el Barcelona y el Bayern M\u00fanich, respectivamente, Guardiola, de 45 a\u00f1os, afronta su primera experiencia en la competitiva Premier League inglesa.<\/p>\n<p style=\"text-align: center;\"><span style=\"color: #3366ff;\"><strong><a style=\"color: #3366ff;\" href=\"http:\/\/www.futboltotal.com.mx\/2016\/07\/guardiola-fichara-a-messi\/\">LEER M\u00c1S: Guardiola revela si fichar\u00e1 a Messi<\/a><\/strong><\/span>\u00a0<a href=\"http:\/\/www.futboltotal.com.mx\/wp-content\/uploads\/2016\/07\/pep3.jpg\"><img decoding=\"async\" loading=\"lazy\" class=\"alignnone size-full wp-image-408193\" src=\"http:\/\/www.futboltotal.com.mx\/wp-content\/uploads\/2016\/07\/pep3.jpg\" alt=\"pep3\" srcset=\"http:\/\/desarrollo.grupomedios.com\/futbol\/wp-content\/uploads\/2016\/07\/pep3.jpg 858w, http:\/\/desarrollo.grupomedios.com\/futbol\/wp-content\/uploads\/2016\/07\/pep3-300x151.jpg 300w, http:\/\/desarrollo.grupomedios.com\/futbol\/wp-content\/uploads\/2016\/07\/pep3-768x386.jpg 768w, http:\/\/desarrollo.grupomedios.com\/futbol\/wp-content\/uploads\/2016\/07\/pep3-340x171.jpg 340w\" sizes=\"(max-width: 858px) 100vw, 858px\" \/><\/a><\/p>\n<p>&#8220;Estoy aqu\u00ed porque es un gran desaf\u00edo. Esa es la raz\u00f3n principal. Demostr\u00e9 de lo que era capaz primero en Barcelona y luego en Alemania. Y ahora quiero hacerlo aqu\u00ed&#8221;, declar\u00f3 Guardiola.<\/p>\n<p>El preparador catal\u00e1n, que llega al City como reemplazo del chileno Manuel Pellegrini, fue presentado de forma oficial en la City Football Academy (CFA), la imponente ciudad deportiva del club, en un evento que congreg\u00f3 a casi 6.000 personas.<br \/>\n<iframe loading=\"lazy\" src=\"https:\/\/www.youtube.com\/embed\/8wJf6hfPig4\" frameborder=\"0\" allowfullscreen=\"allowfullscreen\"><\/iframe><br \/>\nGuardiola sali\u00f3 al escenario entre gritos y c\u00e1nticos de &#8220;Ohh, Pep Guardiola&#8221; y tom\u00f3 el micr\u00f3fono para responder a preguntas de la presentadora, la brit\u00e1nica Sally Nugent, y de aficionados del City de todos los lugares del mundo.<\/p>\n<p>&#8220;Gracias por venir, gracias por darme la bienvenida a mi nueva casa y por darme esta oportunidad tan incre\u00edble de poder trabajar en la Premier League. Estoy convencido de que vamos a disfrutar mucho&#8221;, dijo.<\/p>\n<p><img decoding=\"async\" loading=\"lazy\" class=\"alignnone size-full wp-image-408194\" src=\"http:\/\/www.futboltotal.com.mx\/wp-content\/uploads\/2016\/07\/Pep2.jpg\" alt=\"Pep2\" srcset=\"http:\/\/desarrollo.grupomedios.com\/futbol\/wp-content\/uploads\/2016\/07\/Pep2.jpg 858w, http:\/\/desarrollo.grupomedios.com\/futbol\/wp-content\/uploads\/2016\/07\/Pep2-300x151.jpg 300w, http:\/\/desarrollo.grupomedios.com\/futbol\/wp-content\/uploads\/2016\/07\/Pep2-768x386.jpg 768w, http:\/\/desarrollo.grupomedios.com\/futbol\/wp-content\/uploads\/2016\/07\/Pep2-340x171.jpg 340w\" sizes=\"(max-width: 858px) 100vw, 858px\" \/><\/p>\n<p>&#8220;Lo que quiero es que los aficionados, que son los que aman de verdad el f\u00fatbol, est\u00e9n orgullosos de lo que hacemos. Pero esto no puedo hacerlo solo, necesito a los jugadores, al cuerpo t\u00e9cnico y a vosotros, los hinchas. Sin vosotros nada de esto es posible&#8221;, asegur\u00f3 el de Santpedor entre v\u00edtores y c\u00e1nticos.<\/p>\n<p>Sentado en un taburete sobre un escenario gigante y bajo el nuevo escudo del Manchester City, Pep asegur\u00f3 que cumple uno de sus sue\u00f1os al sentarse en un banquillo en la Premier League, puesto que como jugador no pudo hacerlo.<a href=\"http:\/\/www.futboltotal.com.mx\/wp-content\/uploads\/2016\/07\/Pep1.jpg\"><img decoding=\"async\" loading=\"lazy\" class=\"alignnone size-full wp-image-408192\" src=\"http:\/\/www.futboltotal.com.mx\/wp-content\/uploads\/2016\/07\/Pep1.jpg\" alt=\"Pep1\" srcset=\"http:\/\/desarrollo.grupomedios.com\/futbol\/wp-content\/uploads\/2016\/07\/Pep1.jpg 858w, http:\/\/desarrollo.grupomedios.com\/futbol\/wp-content\/uploads\/2016\/07\/Pep1-300x151.jpg 300w, http:\/\/desarrollo.grupomedios.com\/futbol\/wp-content\/uploads\/2016\/07\/Pep1-768x386.jpg 768w, http:\/\/desarrollo.grupomedios.com\/futbol\/wp-content\/uploads\/2016\/07\/Pep1-340x171.jpg 340w\" sizes=\"(max-width: 858px) 100vw, 858px\" \/><\/a><\/p>\n<p>&#8220;Cuando era futbolista uno de mis sue\u00f1os era jugar en la Premier League, pero no fue posible. Ahora, en cambio, lo puedo hacer como t\u00e9cnico. Es maravilloso, quiero vivir todo esto y demostrar en Inglaterra que soy un buen entrenador&#8221;, prosigui\u00f3.<\/p>\n<p>&#8220;Tengo mi forma de trabajar, la forma en la que quiero que funcione mi equipo. Pero primero debemos crear algo especial entre nosotros. Queremos jugar bien, y luego ganar un partido, y luego otro, y luego otro m\u00e1s&#8221;, explic\u00f3, confiado Guardiola, que, sin embargo, puntualiz\u00f3 que necesita &#8220;tiempo&#8221;.<\/p>\n<p><a href=\"http:\/\/www.futboltotal.com.mx\/wp-content\/uploads\/2016\/07\/Pep.jpg\"><img decoding=\"async\" loading=\"lazy\" class=\"alignnone size-full wp-image-408196\" src=\"http:\/\/www.futboltotal.com.mx\/wp-content\/uploads\/2016\/07\/Pep.jpg\" alt=\"Pep\" srcset=\"http:\/\/desarrollo.grupomedios.com\/futbol\/wp-content\/uploads\/2016\/07\/Pep.jpg 858w, http:\/\/desarrollo.grupomedios.com\/futbol\/wp-content\/uploads\/2016\/07\/Pep-300x151.jpg 300w, http:\/\/desarrollo.grupomedios.com\/futbol\/wp-content\/uploads\/2016\/07\/Pep-768x386.jpg 768w, http:\/\/desarrollo.grupomedios.com\/futbol\/wp-content\/uploads\/2016\/07\/Pep-340x171.jpg 340w\" sizes=\"(max-width: 858px) 100vw, 858px\" \/><\/a><\/p>\n<p>&#8220;Ya veremos c\u00f3mo jugamos cuando tengamos nuestro primer partido. Antes he de conocer bien a los jugadores, hablar con ellos y darles un puntapi\u00e9 en el culo. Necesitamos algo de tiempo&#8221;, insisti\u00f3.<\/p>\n<p>El antiguo entrenador de Barcelona y Bayern M\u00fanich alab\u00f3 &#8220;la calidad existente&#8221; en el Manchester City y se mostr\u00f3 convencido de hacer uso en un futuro no muy lejano de la prol\u00edfica cantera del club.<\/p>\n<p><a href=\"http:\/\/www.futboltotal.com.mx\/wp-content\/uploads\/2016\/07\/Pep4.jpg\"><img decoding=\"async\" loading=\"lazy\" class=\"alignnone size-full wp-image-408195\" src=\"http:\/\/www.futboltotal.com.mx\/wp-content\/uploads\/2016\/07\/Pep4.jpg\" alt=\"Pep4\" srcset=\"http:\/\/desarrollo.grupomedios.com\/futbol\/wp-content\/uploads\/2016\/07\/Pep4.jpg 858w, http:\/\/desarrollo.grupomedios.com\/futbol\/wp-content\/uploads\/2016\/07\/Pep4-300x151.jpg 300w, http:\/\/desarrollo.grupomedios.com\/futbol\/wp-content\/uploads\/2016\/07\/Pep4-768x386.jpg 768w, http:\/\/desarrollo.grupomedios.com\/futbol\/wp-content\/uploads\/2016\/07\/Pep4-340x171.jpg 340w\" sizes=\"(max-width: 858px) 100vw, 858px\" \/><\/a><\/p>\n<p>&#8220;Conozco mucho el equipo, puesto que me enfrent\u00e9 a \u00e9l varias veces y he hablado mucho con Txiki (Begiristain, director deportivo). S\u00e9 de la calidad que hay aqu\u00ed, pero ahora ellos (los jugadores) me lo tienen que demostrar&#8221;, sostuvo.<\/p>\n<p>&#8220;Una de las razones por las que decid\u00ed venir aqu\u00ed es por lo bien que se est\u00e1 haciendo el trabajo en las categor\u00edas inferiores. Los jugadores est\u00e1n creciendo r\u00e1pido y espero que puedan estar pronto con nosotros en el primer equipo&#8221;, se\u00f1al\u00f3 Pep.<\/p>\n<p>&#8220;La gente no va a venir al Etihad Stadium para ver al entrenador, sino a los futbolistas. Nosotros estamos aqu\u00ed para ayudarles. Este a\u00f1o estar\u00e1n en la liga Jos\u00e9 (Mourinho), Klopp, Conte, Ranieri, Pochettino&#8230;Pero nosotros ayudamos al jugador, nada m\u00e1s&#8221;, declar\u00f3 Guardiola, antes de concluir su presentaci\u00f3n entre una nube de confeti y acompa\u00f1ado del joven Kelechi Iheanacho y del nuevo fichaje Ilkay Gundogan.<\/p>\n","protected":false},"excerpt":{"rendered":"<p>El estratega de los Citizens caus\u00f3 furor en su presentaci\u00f3n <\/p>\n","protected":false},"author":20,"featured_media":408197,"comment_status":"closed","ping_status":"closed","sticky":false,"template":"","format":"standard","meta":[],"categories":[3839,3846,5951],"tags":[2510,5993],"_links":{"self":[{"href":"http:\/\/desarrollo.grupomedios.com\/futbol\/wp-json\/wp\/v2\/posts\/408183"}],"collection":[{"href":"http:\/\/desarrollo.grupomedios.com\/futbol\/wp-json\/wp\/v2\/posts"}],"about":[{"href":"http:\/\/desarrollo.grupomedios.com\/futbol\/wp-json\/wp\/v2\/types\/post"}],"author":[{"embeddable":true,"href":"http:\/\/desarrollo.grupomedios.com\/futbol\/wp-json\/wp\/v2\/users\/20"}],"replies":[{"embeddable":true,"href":"http:\/\/desarrollo.grupomedios.com\/futbol\/wp-json\/wp\/v2\/comments?post=408183"}],"version-history":[{"count":0,"href":"http:\/\/desarrollo.grupomedios.com\/futbol\/wp-json\/wp\/v2\/posts\/408183\/revisions"}],"wp:featuredmedia":[{"embeddable":true,"href":"http:\/\/desarrollo.grupomedios.com\/futbol\/wp-json\/wp\/v2\/media\/408197"}],"wp:attachment":[{"href":"http:\/\/desarrollo.grupomedios.com\/futbol\/wp-json\/wp\/v2\/media?parent=408183"}],"wp:term":[{"taxonomy":"category","embeddable":true,"href":"http:\/\/desarrollo.grupomedios.com\/futbol\/wp-json\/wp\/v2\/categories?post=408183"},{"taxonomy":"post_tag","embeddable":true,"href":"http:\/\/desarrollo.grupomedios.com\/futbol\/wp-json\/wp\/v2\/tags?post=408183"}],"curies":[{"name":"wp","href":"https:\/\/api.w.org\/{rel}","templated":true}]}}