{"id":408288,"date":"2016-07-03T16:11:24","date_gmt":"2016-07-03T21:11:24","guid":{"rendered":"http:\/\/www.futboltotal.com.mx\/?p=408288"},"modified":"2016-07-03T16:39:29","modified_gmt":"2016-07-03T21:39:29","slug":"definidas-las-semifinales-la-eurocopa","status":"publish","type":"post","link":"http:\/\/desarrollo.grupomedios.com\/futbol\/destacado-home\/definidas-las-semifinales-la-eurocopa\/2016\/07","title":{"rendered":"\u00a1Definidas las semifinales de la Eurocopa!"},"content":{"rendered":"<p>Las <strong>Semifinales<\/strong> de la <a href=\"http:\/\/www.futboltotal.com.mx\/eurocopa-2016\/\"><strong>Eurocopa 2016<\/strong><\/a> quedaron definidas este domingo y todo qued\u00f3 listo para vivir los dos \u00faltimos partidos del certamen con cuatro contendientes de primer nivel: <strong>Gales, Portugal, Alemania<\/strong> y el anfitri\u00f3n <strong>Francia<\/strong>.<\/p>\n<p>El fuego cruzado en esta instancia lo disparan Gales,<a href=\"http:\/\/www.futboltotal.com.mx\/2016\/07\/gales-clasifica-a-las-semifinales-la-eurocopa\/\"> debutante\u00a0en esta instancia<\/a>, y Portugal, favorita por experiencia y que vivir\u00e1 su quinta semifinal en siete participaciones tras haber <a href=\"http:\/\/www.futboltotal.com.mx\/2016\/06\/en-vivo-polonia-vs-portugal-eurocopa\/\">fulminado a Polonia en penales<\/a>. La contienda ser\u00e1 el pr\u00f3ximo mi\u00e9rcoles 6 de julio en el Stade de Lyon.<\/p>\n<p style=\"text-align: center;\"><span style=\"color: #3366ff;\"><strong><a style=\"color: #3366ff;\" href=\"http:\/\/www.futboltotal.com.mx\/eurocopa-2016\/\">LEER M\u00c1S: Todas las noticias de la Eurocopa<\/a><\/strong><\/span><\/p>\n<blockquote class=\"twitter-tweet\" data-lang=\"es\">\n<p dir=\"ltr\" lang=\"es\">\u00a1Ya tenemos a todas las semifinalistas de la <a href=\"https:\/\/twitter.com\/hashtag\/EURO2016?src=hash\">#EURO2016<\/a>!<\/p>\n<p>\u00bfQu\u00e9 dos selecciones alcanzar\u00e1n la final? <a href=\"https:\/\/t.co\/23xI9QURkp\">pic.twitter.com\/23xI9QURkp<\/a><\/p>\n<p>\u2014 UEFA.com en espa\u00f1ol (@UEFAcom_es) <a href=\"https:\/\/twitter.com\/UEFAcom_es\/status\/749711453788274688\">3 de julio de 2016<\/a><\/p><\/blockquote>\n<p><script src=\"\/\/platform.twitter.com\/widgets.js\" async=\"\" charset=\"utf-8\"><\/script>El plato fuerte que definir\u00e1 la Gran Final que habr\u00e1 de disputarse el 10 de julio en el Stade de France, confronta a Alemania, vigente campeona del mundo que <a href=\"http:\/\/www.futboltotal.com.mx\/2016\/07\/alemania-derrota-italia-se-mete-a-semifinales\/\">elimin\u00f3 a Italia en una extenuaste tanda de penales<\/a>, ante Francia, el anfitri\u00f3n en pleno estado de forma despu\u00e9s de <a href=\"http:\/\/www.futboltotal.com.mx\/2016\/07\/francia-tritura-sueno-islandia\/\">la goleada con la que despidi\u00f3 a Islandia<\/a>. El jueves siete de julio definen al \u00faltimo finalista.<\/p>\n","protected":false},"excerpt":{"rendered":"<p>Los duelos se llevar\u00e1n a cabo los pr\u00f3ximos 6 y 7 de julio <\/p>\n","protected":false},"author":20,"featured_media":408290,"comment_status":"closed","ping_status":"closed","sticky":false,"template":"","format":"standard","meta":[],"categories":[5,6995,6999],"tags":[6000,6152,413,4632,715],"_links":{"self":[{"href":"http:\/\/desarrollo.grupomedios.com\/futbol\/wp-json\/wp\/v2\/posts\/408288"}],"collection":[{"href":"http:\/\/desarrollo.grupomedios.com\/futbol\/wp-json\/wp\/v2\/posts"}],"about":[{"href":"http:\/\/desarrollo.grupomedios.com\/futbol\/wp-json\/wp\/v2\/types\/post"}],"author":[{"embeddable":true,"href":"http:\/\/desarrollo.grupomedios.com\/futbol\/wp-json\/wp\/v2\/users\/20"}],"replies":[{"embeddable":true,"href":"http:\/\/desarrollo.grupomedios.com\/futbol\/wp-json\/wp\/v2\/comments?post=408288"}],"version-history":[{"count":0,"href":"http:\/\/desarrollo.grupomedios.com\/futbol\/wp-json\/wp\/v2\/posts\/408288\/revisions"}],"wp:featuredmedia":[{"embeddable":true,"href":"http:\/\/desarrollo.grupomedios.com\/futbol\/wp-json\/wp\/v2\/media\/408290"}],"wp:attachment":[{"href":"http:\/\/desarrollo.grupomedios.com\/futbol\/wp-json\/wp\/v2\/media?parent=408288"}],"wp:term":[{"taxonomy":"category","embeddable":true,"href":"http:\/\/desarrollo.grupomedios.com\/futbol\/wp-json\/wp\/v2\/categories?post=408288"},{"taxonomy":"post_tag","embeddable":true,"href":"http:\/\/desarrollo.grupomedios.com\/futbol\/wp-json\/wp\/v2\/tags?post=408288"}],"curies":[{"name":"wp","href":"https:\/\/api.w.org\/{rel}","templated":true}]}}