{"id":408289,"date":"2016-07-03T16:26:23","date_gmt":"2016-07-03T21:26:23","guid":{"rendered":"http:\/\/www.futboltotal.com.mx\/?p=408289"},"modified":"2016-07-04T18:22:46","modified_gmt":"2016-07-04T23:22:46","slug":"raul-jimenez-sera-refuerzo-olimpico-2","status":"publish","type":"post","link":"http:\/\/desarrollo.grupomedios.com\/futbol\/futbol-mexicano\/raul-jimenez-sera-refuerzo-olimpico-2\/2016\/07","title":{"rendered":"Ra\u00fal Jim\u00e9nez no ser\u00e1 refuerzo ol\u00edmpico"},"content":{"rendered":"<p>El <b>Benfica<\/b> de Portugal neg\u00f3 prestar a <b>Ra\u00fal Jim\u00e9nez<\/b> a la <a href=\"http:\/\/www.futboltotal.com.mx\/futbol-mexicano\/seleccion-mexicana\/\">Selecci\u00f3n Mexicana Sub-23<\/a> que participar\u00e1 en los los <b>Juegos Ol\u00edmpicos<\/b> de R\u00edo 2016. Y as\u00ed, se diluye por completo la opci\u00f3n de que el delantero mexicano sea uno de los tres refuerzo del combinado <i>azteca<\/i>.<\/p>\n<p>\u201cEl tema con <b>Ra\u00fal Jim\u00e9nez<\/b> y Andr\u00e9s Guardado tiene que ver exclusivamente con sus clubes.\u00a0Han sido muy dr\u00e1sticos y respetamos esa parte\u201d, declar\u00f3 el s\u00e1bado Ra\u00fal Guti\u00e9rrez, t\u00e9cnico del Tri ol\u00edmpico. Horas despu\u00e9s, se confirm\u00f3 la dr\u00e1stica postura del cuadro portugu\u00e9s.<\/p>\n<p style=\"text-align: center;\"><span style=\"color: #3366ff;\"><strong><a style=\"color: #3366ff;\" href=\"http:\/\/www.futboltotal.com.mx\/2016\/06\/posiciones-reforzar-la-seleccion-mexicana-sub-23-en-juegos-olimpicos\/\">LEER M\u00c1S: \u00bfQu\u00e9 posiciones debe reforzar el TRI Ol\u00edmpico?<\/a><\/strong><\/span><\/p>\n<p>Seg\u00fan publica <i>Televisa Deportes<\/i>, la directiva del <b>Benfica<\/b> ha entregado un escrito a la Federaci\u00f3n Mexicana de Futbol (FMF) donde niega la cesi\u00f3n de <b>Ra\u00fal Jim\u00e9nez<\/b> a la selecci\u00f3n Sub-23 de M\u00e9xico para los <b>Juegos Ol\u00edmpicos<\/b>.<\/p>\n<p>Adem\u00e1s, se agrega que la FMF\u00a0a\u00fan negocia con el PSV de Holanda la cesi\u00f3n de\u00a0Andr\u00e9s Guardado. En tanto, trasciende que Alfredo Talavera, portero del Toluca, y\u00a0Oribe Peralta, delantero del Am\u00e9rica, ser\u00edan los otros dos refuerzos, y que de caerse la opci\u00f3n del <em>Principito<\/em>, ser\u00eda Jorge Torres Nilo el elegido.<\/p>\n<blockquote class=\"twitter-tweet\" data-lang=\"es\">\n<p dir=\"ltr\" lang=\"es\"><a href=\"https:\/\/twitter.com\/hashtag\/Sub23?src=hash\">#Sub23<\/a> Luego de 20 d\u00edas de trabajo, finaliza nuestra concentraci\u00f3n.<\/p>\n<p>Los detalles <a href=\"https:\/\/t.co\/wI8TN6GyIu\">https:\/\/t.co\/wI8TN6GyIu<\/a><\/p>\n<p>\u2014 Selecci\u00f3n Nacional (@miseleccionmx) <a href=\"https:\/\/twitter.com\/miseleccionmx\/status\/749677339173195776\">3 de julio de 2016<\/a><\/p><\/blockquote>\n<p><script src=\"\/\/platform.twitter.com\/widgets.js\" async=\"\" charset=\"utf-8\"><\/script><\/p>\n<p>Cabe apuntar que el <em>Potro<\/em> Guti\u00e9rrez cerr\u00f3 su \u00faltima etapa de observaci\u00f3n este s\u00e1bado, con <a href=\"http:\/\/www.futboltotal.com.mx\/2016\/07\/tri-olimpico-vence-a-nigeria-en-amistoso\/\">duelo amistoso ante\u00a0Nigeria que termin\u00f3 con triunfo (1-0) del <em>Tri<\/em> ol\u00edmpico<\/a>; ahora, se tiene presupuestado que el pr\u00f3ximo jueves\u00a0sea\u00a0anunciada la lista definitiva de la selecci\u00f3n que participar\u00e1 en los <strong>Juegos Ol\u00edmpicos<\/strong> de R\u00edo 2016.<\/p>\n","protected":false},"excerpt":{"rendered":"<p>Benfica neg\u00f3 prestar al delantero al Tri Sub-23<\/p>\n","protected":false},"author":20,"featured_media":408292,"comment_status":"closed","ping_status":"closed","sticky":false,"template":"","format":"standard","meta":[],"categories":[2198,3847,5950],"tags":[742,5979,2377],"_links":{"self":[{"href":"http:\/\/desarrollo.grupomedios.com\/futbol\/wp-json\/wp\/v2\/posts\/408289"}],"collection":[{"href":"http:\/\/desarrollo.grupomedios.com\/futbol\/wp-json\/wp\/v2\/posts"}],"about":[{"href":"http:\/\/desarrollo.grupomedios.com\/futbol\/wp-json\/wp\/v2\/types\/post"}],"author":[{"embeddable":true,"href":"http:\/\/desarrollo.grupomedios.com\/futbol\/wp-json\/wp\/v2\/users\/20"}],"replies":[{"embeddable":true,"href":"http:\/\/desarrollo.grupomedios.com\/futbol\/wp-json\/wp\/v2\/comments?post=408289"}],"version-history":[{"count":0,"href":"http:\/\/desarrollo.grupomedios.com\/futbol\/wp-json\/wp\/v2\/posts\/408289\/revisions"}],"wp:featuredmedia":[{"embeddable":true,"href":"http:\/\/desarrollo.grupomedios.com\/futbol\/wp-json\/wp\/v2\/media\/408292"}],"wp:attachment":[{"href":"http:\/\/desarrollo.grupomedios.com\/futbol\/wp-json\/wp\/v2\/media?parent=408289"}],"wp:term":[{"taxonomy":"category","embeddable":true,"href":"http:\/\/desarrollo.grupomedios.com\/futbol\/wp-json\/wp\/v2\/categories?post=408289"},{"taxonomy":"post_tag","embeddable":true,"href":"http:\/\/desarrollo.grupomedios.com\/futbol\/wp-json\/wp\/v2\/tags?post=408289"}],"curies":[{"name":"wp","href":"https:\/\/api.w.org\/{rel}","templated":true}]}}