{"id":408336,"date":"2016-07-03T18:04:07","date_gmt":"2016-07-03T23:04:07","guid":{"rendered":"http:\/\/www.futboltotal.com.mx\/?p=408336"},"modified":"2016-07-03T19:39:19","modified_gmt":"2016-07-04T00:39:19","slug":"chivas-tv-busca-narrador","status":"publish","type":"post","link":"http:\/\/desarrollo.grupomedios.com\/futbol\/destacado-home\/chivas-tv-busca-narrador\/2016\/07","title":{"rendered":"Chivas TV busca narrador"},"content":{"rendered":"<p>Desde que Jorge Vergara anunci\u00f3 la nueva plataforma de <a href=\"http:\/\/futboltotal.com.mx\/equipos\/guadalajara\/\" target=\"_blank\"><strong>Chivas<\/strong><\/a>, advirti\u00f3 que buscar\u00eda algo nuevo en cuanto a la narraci\u00f3n de sus transmisiones, por eso ahora, a unos d\u00edas del arranque de la <a href=\"http:\/\/futboltotal.com.mx\/futbol-mexicano\/\" target=\"_blank\"><strong>Liga MX<\/strong><\/a>, el <em>Reba\u00f1o Sagrado<\/em> anunci\u00f3 que busca quien comente los encuentros del club.<\/p>\n<p>A trav\u00e9s de su cuenta de Twitter, <strong>Chivas<\/strong> dio a conocer que har\u00e1n casting para elegir a quien narre los encuentros del Guadalajara en la <strong>Liga MX<\/strong>, y aunque a\u00fan no han dado las bases, se\u00f1alan a sus seguidores que se mantengan al pendiente de la cuenta del club, donde anunciar\u00e1n qu\u00e9 es lo que se necesita para comentar los encuentros del equipo.<\/p>\n<p style=\"text-align: center;\"><span style=\"color: #3366ff;\"><a style=\"color: #3366ff;\" href=\"http:\/\/www.futboltotal.com.mx\/2016\/07\/chivas-tv-comienza-venta-suscripciones\/\" target=\"_blank\"><strong>LEER M\u00c1S: Chivas ya puso a la venta sus suscripciones para nueva plataforma<\/strong><\/a><\/span><\/p>\n<p><em>Crack<\/em>, \u00bfest\u00e1s interesado en sumarte al nuevo provecto de <strong>Chivas<\/strong>?<\/p>\n<blockquote class=\"twitter-tweet\" data-lang=\"es\">\n<p dir=\"ltr\" lang=\"es\">Prep\u00e1rate, \u00a1t\u00fa podr\u00e1s tener la oportunidad de narrar y comentar al Reba\u00f1o! <a href=\"https:\/\/t.co\/idRoQ0Vnbu\">pic.twitter.com\/idRoQ0Vnbu<\/a><\/p>\n<p>\u2014 CHIVAS (@Chivas) <a href=\"https:\/\/twitter.com\/Chivas\/status\/749317221596340224\">2 de julio de 2016<\/a><\/p><\/blockquote>\n<p><script src=\"\/\/platform.twitter.com\/widgets.js\" async=\"\" charset=\"utf-8\"><\/script><\/p>\n<blockquote class=\"twitter-tweet\" data-lang=\"es\"><p>\n\u00a1Muy pronto conocer\u00e1s lo que necesitas para narrar al Reba\u00f1o! <a href=\"https:\/\/t.co\/z79FpAoN7p\">pic.twitter.com\/z79FpAoN7p<\/a><\/p>\n<p>\u2014 CHIVAS (@Chivas) <a href=\"https:\/\/twitter.com\/Chivas\/status\/749733715169800192\">3 de julio de 2016<\/a>\n<\/p><\/blockquote>\n<p><script src=\"\/\/platform.twitter.com\/widgets.js\" async=\"\" charset=\"utf-8\"><\/script><\/p>\n","protected":false},"excerpt":{"rendered":"<p>El Reba\u00f1o har\u00e1 casting para sus comentaristas<\/p>\n","protected":false},"author":20,"featured_media":408339,"comment_status":"closed","ping_status":"closed","sticky":false,"template":"","format":"standard","meta":[],"categories":[5,2198,3845],"tags":[70],"_links":{"self":[{"href":"http:\/\/desarrollo.grupomedios.com\/futbol\/wp-json\/wp\/v2\/posts\/408336"}],"collection":[{"href":"http:\/\/desarrollo.grupomedios.com\/futbol\/wp-json\/wp\/v2\/posts"}],"about":[{"href":"http:\/\/desarrollo.grupomedios.com\/futbol\/wp-json\/wp\/v2\/types\/post"}],"author":[{"embeddable":true,"href":"http:\/\/desarrollo.grupomedios.com\/futbol\/wp-json\/wp\/v2\/users\/20"}],"replies":[{"embeddable":true,"href":"http:\/\/desarrollo.grupomedios.com\/futbol\/wp-json\/wp\/v2\/comments?post=408336"}],"version-history":[{"count":0,"href":"http:\/\/desarrollo.grupomedios.com\/futbol\/wp-json\/wp\/v2\/posts\/408336\/revisions"}],"wp:featuredmedia":[{"embeddable":true,"href":"http:\/\/desarrollo.grupomedios.com\/futbol\/wp-json\/wp\/v2\/media\/408339"}],"wp:attachment":[{"href":"http:\/\/desarrollo.grupomedios.com\/futbol\/wp-json\/wp\/v2\/media?parent=408336"}],"wp:term":[{"taxonomy":"category","embeddable":true,"href":"http:\/\/desarrollo.grupomedios.com\/futbol\/wp-json\/wp\/v2\/categories?post=408336"},{"taxonomy":"post_tag","embeddable":true,"href":"http:\/\/desarrollo.grupomedios.com\/futbol\/wp-json\/wp\/v2\/tags?post=408336"}],"curies":[{"name":"wp","href":"https:\/\/api.w.org\/{rel}","templated":true}]}}