{"id":408347,"date":"2016-07-03T18:59:07","date_gmt":"2016-07-03T23:59:07","guid":{"rendered":"http:\/\/www.futboltotal.com.mx\/?p=408347"},"modified":"2016-07-03T18:59:07","modified_gmt":"2016-07-03T23:59:07","slug":"checo-perez-abandona-en-la-ultima-vuelta","status":"publish","type":"post","link":"http:\/\/desarrollo.grupomedios.com\/futbol\/no-todo-es-futbol\/checo-perez-abandona-en-la-ultima-vuelta\/2016\/07","title":{"rendered":"Checo P\u00e9rez abandona en la \u00faltima vuelta"},"content":{"rendered":"<p>El piloto mexicano <b>Sergio P\u00e9rez<\/b> dio una dura batalla en el <i>Red Bull Ring<\/i>, pero la exigencia a la que sostuvo el coche termin\u00f3 por afectar los frenos y abandon\u00f3 en la \u00faltima vuelta del <b>Gran Premio de Austria<\/b>, carrera que gan\u00f3 el ingl\u00e9s\u00a0Lewis Hamilton.<\/p>\n<p>Justo cuando se apuntaba para llegar en la octava posici\u00f3n, despu\u00e9s de largar desde el sitio 16, <i>Checo<\/i> tuvo un desafortunado percance que le impidi\u00f3 sumar puntos y termin\u00f3 con una racha de cinco carreras haci\u00e9ndolo.<\/p>\n<blockquote class=\"twitter-tweet\" data-lang=\"es\">\n<p dir=\"ltr\" lang=\"es\">Y para susto, el que nos ha dado Checo P\u00e9rez al final. Sin frenos en la curva 3. Miedo&#8230; <a href=\"https:\/\/twitter.com\/hashtag\/F1?src=hash\">#F1<\/a> <a href=\"https:\/\/t.co\/jqWFf5YPNF\">pic.twitter.com\/jqWFf5YPNF<\/a><\/p>\n<p>\u2014 MrAlexF1 (@MrAlexF1) <a href=\"https:\/\/twitter.com\/MrAlexF1\/status\/749598272566747136\">3 de julio de 2016<\/a><\/p><\/blockquote>\n<p><script src=\"\/\/platform.twitter.com\/widgets.js\" async=\"\" charset=\"utf-8\"><\/script><\/p>\n<p><i>Checo<\/i> <b>P\u00e9rez<\/b> tuvo una remontada que dej\u00f3 buenos momentos en la pista, destacando un doble rebase al espa\u00f1ol Fernando Alonso y al brit\u00e1nico Jolyon Palmer, justo a mitad de la carrera.\u00a0El piloto mexicano alcanz\u00f3 la octava posici\u00f3n y ten\u00eda ya en la mirada al franc\u00e9s Romain Grosjean, quien ven\u00eda adelante con una penalizaci\u00f3n de cinco segundos por excedes el l\u00edmite de velocidad en la zona de <i>pits<\/i>.<\/p>\n<p>Sin embargo, en la vuelta final, <b>Sergio P\u00e9rez<\/b> se fue de largo en la curva tres, despu\u00e9s de que no le funcionaran los frenos.<\/p>\n<p style=\"text-align: center;\"><span style=\"color: #3366ff;\"><strong><a style=\"color: #3366ff;\" href=\"http:\/\/www.futboltotal.com.mx\/2016\/06\/maria-sharapova-practica-futbol\/\">VER M\u00c1S: \u00bfSharapova cambia el tenis por el futbol?<\/a><\/strong><\/span><\/p>\n<p>&#8220;Hay que quedarnos con lo positivo, creo que fue una gran carrera, y con los pocos kil\u00f3metros que tuve durante todo el fin de semana, la verdad estoy contento con mi trabajo\u201d, apunt\u00f3.<\/p>\n<p>\u201cUna pena porque quer\u00eda mantener el gran ritmo de llegar de forma consecutivo a los puntos, pero al final no se pudo, pero (estoy) contento y orgulloso con el trabajo que hicimos como equipo\u201d, manifest\u00f3.<\/p>\n<p>Por su parte,\u00a0el tambi\u00e9n\u00a0mexicano Esteban Guti\u00e9rrez se las ingeni\u00f3 para acabar en el sitio 11 por tercera vez en el a\u00f1o.<\/p>\n","protected":false},"excerpt":{"rendered":"<p>El piloto mexicano se apuntaba para llegar en la octava posici\u00f3n<\/p>\n","protected":false},"author":20,"featured_media":408348,"comment_status":"closed","ping_status":"closed","sticky":false,"template":"","format":"standard","meta":[],"categories":[5810,5418,6411],"tags":[5480,5461],"_links":{"self":[{"href":"http:\/\/desarrollo.grupomedios.com\/futbol\/wp-json\/wp\/v2\/posts\/408347"}],"collection":[{"href":"http:\/\/desarrollo.grupomedios.com\/futbol\/wp-json\/wp\/v2\/posts"}],"about":[{"href":"http:\/\/desarrollo.grupomedios.com\/futbol\/wp-json\/wp\/v2\/types\/post"}],"author":[{"embeddable":true,"href":"http:\/\/desarrollo.grupomedios.com\/futbol\/wp-json\/wp\/v2\/users\/20"}],"replies":[{"embeddable":true,"href":"http:\/\/desarrollo.grupomedios.com\/futbol\/wp-json\/wp\/v2\/comments?post=408347"}],"version-history":[{"count":0,"href":"http:\/\/desarrollo.grupomedios.com\/futbol\/wp-json\/wp\/v2\/posts\/408347\/revisions"}],"wp:featuredmedia":[{"embeddable":true,"href":"http:\/\/desarrollo.grupomedios.com\/futbol\/wp-json\/wp\/v2\/media\/408348"}],"wp:attachment":[{"href":"http:\/\/desarrollo.grupomedios.com\/futbol\/wp-json\/wp\/v2\/media?parent=408347"}],"wp:term":[{"taxonomy":"category","embeddable":true,"href":"http:\/\/desarrollo.grupomedios.com\/futbol\/wp-json\/wp\/v2\/categories?post=408347"},{"taxonomy":"post_tag","embeddable":true,"href":"http:\/\/desarrollo.grupomedios.com\/futbol\/wp-json\/wp\/v2\/tags?post=408347"}],"curies":[{"name":"wp","href":"https:\/\/api.w.org\/{rel}","templated":true}]}}