{"id":408362,"date":"2016-07-03T20:52:33","date_gmt":"2016-07-04T01:52:33","guid":{"rendered":"http:\/\/www.futboltotal.com.mx\/?p=408362"},"modified":"2016-07-03T20:53:21","modified_gmt":"2016-07-04T01:53:21","slug":"tri-basquetbol-listo-buscar-boleto-a-rio-janeiro","status":"publish","type":"post","link":"http:\/\/desarrollo.grupomedios.com\/futbol\/no-todo-es-futbol\/tri-basquetbol-listo-buscar-boleto-a-rio-janeiro\/2016\/07","title":{"rendered":"TRI de basquetbol, listo para buscar boleto a R\u00edo"},"content":{"rendered":"<p>La Selecci\u00f3n Mexicana de <strong>basquetbol<\/strong>, ya est\u00e1 en Tur\u00edn, Italia, para participar en la reclasificaci\u00f3n del FIBA, para buscar un boleto a los<strong> Juegos Ol\u00edmpicos de R\u00edo de Janeiro 2016<\/strong>. Los dirigidos por Sergio Valdeolmillos iniciar\u00e1n su camino ante Ir\u00e1n, el pr\u00f3ximo 5 de julio.<\/p>\n<p><strong>M\u00e9xico<\/strong> se encuentra en el grupo A junto con Ir\u00e1n y Grecia, a quienes enfrentar\u00e1 el pr\u00f3ximo 5 y 6 de julio, despu\u00e9s, se jugar\u00e1 una eliminatoria contra los dos mejores del grupo B, donde est\u00e1n Italia, Croacia y T\u00fanez.<\/p>\n<p>&#8220;Aunque la concentraci\u00f3n se inici\u00f3 oficialmente el 30 de mayo, algunos jugadores nos reunimos y empezamos a entrenar juntos desde antes, prepar\u00e1ndonos para los torneos que vienen. Las expectativas que tenemos son grandes, ya que contaremos con una gran oportunidad de ir a unos Juegos Ol\u00edmpicos, despu\u00e9s de tanto tiempo y ser\u00eda algo importante para el baloncesto mexicano&#8221;, se\u00f1al\u00f3 Gabriel Gir\u00f3n, uno de los <em>12 Guerreros<\/em>.<\/p>\n<p style=\"text-align: center;\"><span style=\"color: #3366ff;\"><a style=\"color: #3366ff;\" href=\"http:\/\/www.futboltotal.com.mx\/2016\/06\/santo-tendra-boleto-conmemorativo-centenario-natalicio\/\" target=\"_blank\"><strong>LEER M\u00c1S: Hist\u00f3rico deportista mexicano, aparecer\u00e1 en boletos del Metro<\/strong><\/a><\/span><\/p>\n<p>Hector Hern\u00e1ndez, Paul Stoll y Jorge Guti\u00e9rrez, son considerados por el FIBA, como las figuras de <strong>M\u00e9xico<\/strong>, debido a la ausencia de la figura, Gustavo Ay\u00f3n. Los jugadores de los <em>12 Guerreros<\/em>, ya se tomaron las fotos oficiales, para el torneo Preol\u00edmpico del FIBA.<\/p>\n<blockquote class=\"instagram-media\" style=\"background: #FFF; border: 0; border-radius: 3px; box-shadow: 0 0 1px 0 rgba(0,0,0,0.5),0 1px 10px 0 rgba(0,0,0,0.15); margin: 1px; max-width: 658px; padding: 0; width: calc(100% - 2px);\" data-instgrm-captioned=\"\" data-instgrm-version=\"7\">\n<div style=\"padding: 8px;\">\n<div style=\"background: #F8F8F8; line-height: 0; margin-top: 40px; padding: 50.0% 0; text-align: center; width: 100%;\"><\/div>\n<p style=\"margin: 8px 0 0 0; padding: 0 4px;\"><a style=\"color: #000; font-family: Arial,sans-serif; font-size: 14px; font-style: normal; font-weight: normal; line-height: 17px; text-decoration: none; word-wrap: break-word;\" href=\"https:\/\/www.instagram.com\/p\/BHZFm4cjTmp\/\" target=\"_blank\">Estamos Listos. #12Guerreros #matador #viry #jgutz #mexico #turin #torino #italia #italy #azteca #ready #beast #vivamexico #europe #euros #rio #fiba #todoesposible<\/a><\/p>\n<p style=\"color: #c9c8cd; font-family: Arial,sans-serif; font-size: 14px; line-height: 17px; margin-bottom: 0; margin-top: 8px; overflow: hidden; padding: 8px 0 7px; text-align: center; text-overflow: ellipsis; white-space: nowrap;\">Una foto publicada por LORENZO MATA (@14matador14) el <time style=\"font-family: Arial,sans-serif; font-size: 14px; line-height: 17px;\" datetime=\"2016-07-03T08:06:01+00:00\">3 de Jul de 2016 a la(s) 1:06 PDT<\/time><\/p>\n<\/div>\n<\/blockquote>\n<p><script src=\"\/\/platform.instagram.com\/en_US\/embeds.js\" async=\"\" defer=\"defer\"><\/script><\/p>\n","protected":false},"excerpt":{"rendered":"<p>Los dirigidos por Sergio Valdeolmillos, juegan el 5 de julio<\/p>\n","protected":false},"author":20,"featured_media":408364,"comment_status":"closed","ping_status":"closed","sticky":false,"template":"","format":"standard","meta":[],"categories":[5814,7182,5418,6411],"tags":[6208,5771,5949],"_links":{"self":[{"href":"http:\/\/desarrollo.grupomedios.com\/futbol\/wp-json\/wp\/v2\/posts\/408362"}],"collection":[{"href":"http:\/\/desarrollo.grupomedios.com\/futbol\/wp-json\/wp\/v2\/posts"}],"about":[{"href":"http:\/\/desarrollo.grupomedios.com\/futbol\/wp-json\/wp\/v2\/types\/post"}],"author":[{"embeddable":true,"href":"http:\/\/desarrollo.grupomedios.com\/futbol\/wp-json\/wp\/v2\/users\/20"}],"replies":[{"embeddable":true,"href":"http:\/\/desarrollo.grupomedios.com\/futbol\/wp-json\/wp\/v2\/comments?post=408362"}],"version-history":[{"count":0,"href":"http:\/\/desarrollo.grupomedios.com\/futbol\/wp-json\/wp\/v2\/posts\/408362\/revisions"}],"wp:featuredmedia":[{"embeddable":true,"href":"http:\/\/desarrollo.grupomedios.com\/futbol\/wp-json\/wp\/v2\/media\/408364"}],"wp:attachment":[{"href":"http:\/\/desarrollo.grupomedios.com\/futbol\/wp-json\/wp\/v2\/media?parent=408362"}],"wp:term":[{"taxonomy":"category","embeddable":true,"href":"http:\/\/desarrollo.grupomedios.com\/futbol\/wp-json\/wp\/v2\/categories?post=408362"},{"taxonomy":"post_tag","embeddable":true,"href":"http:\/\/desarrollo.grupomedios.com\/futbol\/wp-json\/wp\/v2\/tags?post=408362"}],"curies":[{"name":"wp","href":"https:\/\/api.w.org\/{rel}","templated":true}]}}