{"id":408380,"date":"2016-07-04T08:48:30","date_gmt":"2016-07-04T13:48:30","guid":{"rendered":"http:\/\/www.futboltotal.com.mx\/?p=408380"},"modified":"2016-07-04T08:48:30","modified_gmt":"2016-07-04T13:48:30","slug":"equipo-ninos-triquis-basquetbol-gana-mundial-en-barcelona","status":"publish","type":"post","link":"http:\/\/desarrollo.grupomedios.com\/futbol\/no-todo-es-futbol\/equipo-ninos-triquis-basquetbol-gana-mundial-en-barcelona\/2016\/07","title":{"rendered":"\u00a1Los ni\u00f1os Triquis lo vuelven a hacer!"},"content":{"rendered":"<p>El equipo mexicano de basquetbol oriundo de Oaxaca y mejor conocido como la selecci\u00f3n de los <strong>ni\u00f1os Triquis<\/strong>, volvi\u00f3 a ser tendencia en redes sociales, luego de que consiguiera otro logro internacional: ganar la Copa Mundial de Barcelona.<\/p>\n<p>El domingo 3 de julio, los <strong>ni\u00f1os Triquis<\/strong> se impusieron por 39-18 al Gravelins de Francia. La selecci\u00f3n de la Academia Ind\u00edgena de M\u00e9xcio, est\u00e1 integrada por Dylan Ram\u00edrez, Tob\u00edas de Jes\u00fas, Bernab\u00e9 Mart\u00ednez, Aniceto Guzm\u00e1n, Efr\u00e9n Mart\u00ednez, Daniel Shalom, Luis Enrique Vargas, Anselmo de Jes\u00fas y el entrenador Sergio Z\u00fa\u00f1iga.<\/p>\n<p style=\"text-align: center;\"><span style=\"color: #3366ff;\"><a style=\"color: #3366ff;\" href=\"http:\/\/www.futboltotal.com.mx\/2016\/07\/tri-basquetbol-listo-buscar-boleto-a-rio-janeiro\/\" target=\"_blank\"><strong>LEER M\u00c1S: Equipo mexicano de basquetbol, listo para el Preol\u00edmpico<\/strong><\/a><\/span><\/p>\n<p>Las v\u00edctimas del equipo Triqui fueron el cuadro local, Esportiu Vila Ol\u00edmpica, Uni\u00f3n Olympiq de Francia, el Colegio Catal\u00e1n Jes\u00fas Mar\u00eda y Jos\u00e9 de Espa\u00f1a, y el St. Louis de B\u00e9lgica en semifinales, adem\u00e1s del otro cuadro galo, al que vencieron en la final.<\/p>\n<p>Distintas personalidades felicitaron al conjunto mexicano por otro logro internacional, entre ellos, el presidente de M\u00e9xico, Enrique Pe\u00f1a Nieto, quien comparti\u00f3 un mensaje en su cuenta de Twitter.<\/p>\n<blockquote class=\"twitter-tweet\" data-lang=\"es\">\n<p dir=\"ltr\" lang=\"es\">Los Ni\u00f1os Triquis vuelven a llenar de orgullo a M\u00e9xico con su triunfo en la Copa Mundial de Barcelona 2016. \u00a1Gracias y muchas felicidades!<\/p>\n<p>\u2014 Enrique Pe\u00f1a Nieto (@EPN) <a href=\"https:\/\/twitter.com\/EPN\/status\/749744110873960448\">3 de julio de 2016<\/a><\/p><\/blockquote>\n<p><script src=\"\/\/platform.twitter.com\/widgets.js\" async=\"\" charset=\"utf-8\"><\/script><\/p>\n","protected":false},"excerpt":{"rendered":"<p>Ganan la Copa Mundial de Barcelona<\/p>\n","protected":false},"author":20,"featured_media":408381,"comment_status":"closed","ping_status":"closed","sticky":false,"template":"","format":"standard","meta":[],"categories":[5814,5418,6411],"tags":[7239,5771],"_links":{"self":[{"href":"http:\/\/desarrollo.grupomedios.com\/futbol\/wp-json\/wp\/v2\/posts\/408380"}],"collection":[{"href":"http:\/\/desarrollo.grupomedios.com\/futbol\/wp-json\/wp\/v2\/posts"}],"about":[{"href":"http:\/\/desarrollo.grupomedios.com\/futbol\/wp-json\/wp\/v2\/types\/post"}],"author":[{"embeddable":true,"href":"http:\/\/desarrollo.grupomedios.com\/futbol\/wp-json\/wp\/v2\/users\/20"}],"replies":[{"embeddable":true,"href":"http:\/\/desarrollo.grupomedios.com\/futbol\/wp-json\/wp\/v2\/comments?post=408380"}],"version-history":[{"count":0,"href":"http:\/\/desarrollo.grupomedios.com\/futbol\/wp-json\/wp\/v2\/posts\/408380\/revisions"}],"wp:featuredmedia":[{"embeddable":true,"href":"http:\/\/desarrollo.grupomedios.com\/futbol\/wp-json\/wp\/v2\/media\/408381"}],"wp:attachment":[{"href":"http:\/\/desarrollo.grupomedios.com\/futbol\/wp-json\/wp\/v2\/media?parent=408380"}],"wp:term":[{"taxonomy":"category","embeddable":true,"href":"http:\/\/desarrollo.grupomedios.com\/futbol\/wp-json\/wp\/v2\/categories?post=408380"},{"taxonomy":"post_tag","embeddable":true,"href":"http:\/\/desarrollo.grupomedios.com\/futbol\/wp-json\/wp\/v2\/tags?post=408380"}],"curies":[{"name":"wp","href":"https:\/\/api.w.org\/{rel}","templated":true}]}}