{"id":408431,"date":"2016-07-04T14:41:32","date_gmt":"2016-07-04T19:41:32","guid":{"rendered":"http:\/\/www.futboltotal.com.mx\/?p=408431"},"modified":"2016-07-05T13:34:55","modified_gmt":"2016-07-05T18:34:55","slug":"guardado-se-aleja-los-juegos-olimpicos","status":"publish","type":"post","link":"http:\/\/desarrollo.grupomedios.com\/futbol\/futbol-mexicano\/guardado-se-aleja-los-juegos-olimpicos\/2016\/07","title":{"rendered":"Guardado se aleja de los Juegos Ol\u00edmpicos"},"content":{"rendered":"<p><strong>Andr\u00e9s Guardado<\/strong> sue\u00f1a con participar en los pr\u00f3ximos <strong>Juegos Ol\u00edmpicos<\/strong>. Sin embargo, el anhelo del mediocampista se complica cada vez m\u00e1s, pues el PSV no quiere cederlo al <em>Tri<\/em> Sub-23, que en R\u00edo 2016 buscar\u00e1 refrendar el t\u00edtulo conseguido hace cuatro a\u00f1os en Londres.<\/p>\n<p>En ese sentido, se sabe que el cuadro holand\u00e9s ha negado el pr\u00e9stamo de <strong>Guardado<\/strong> al combinado ol\u00edmpico de M\u00e9xico; no obstante, el propio jugador espera convencer a la directiva y al cuerpo t\u00e9cnico del PSV para que le permitan participar en R\u00edo.<\/p>\n<p style=\"text-align: center;\"><strong><a style=\"color: #3366ff;\" href=\"http:\/\/www.futboltotal.com.mx\/2016\/07\/raul-jimenez-sera-refuerzo-olimpico-2\/\">LEER M\u00c1S: Ra\u00fal Jim\u00e9nez no ser\u00e1 refuerzo ol\u00edmpico<\/a><\/strong><\/p>\n<p>\u201cLa verdad es que el PSV nos dijo que no, pero \u00e9l mismo <strong>Andr\u00e9s<\/strong> pidi\u00f3 aguantar un poco de tiempo para poder hablar con el entrenador y la directiva\u201d, se\u00f1al\u00f3 Dennis te Klose, coordinador general de selecciones menores, en entrevista con <em>Fox Sports<\/em>.<\/p>\n<p>En ese contexto, se sabe que el PSV espera que <strong>Andr\u00e9s Guardado<\/strong>, quien tuvo participaci\u00f3n en la Copa Am\u00e9rica Centenario, reporte con el equipo el pr\u00f3ximo 10 de julio de cara a la siguiente temporada.<\/p>\n<blockquote class=\"twitter-tweet\" data-lang=\"es\">\n<p dir=\"ltr\" lang=\"es\"><a href=\"https:\/\/twitter.com\/hashtag\/Sub23?src=hash\">#Sub23<\/a> Todo lo que deben saber de nuestro paso Ol\u00edmpico&#8230;<\/p>\n<p>\u00a1En exclusiva en <a href=\"https:\/\/twitter.com\/hashtag\/Pasi%C3%B3nQueConecta?src=hash\">#Pasi\u00f3nQueConecta<\/a>!<\/p>\n<p><a href=\"https:\/\/t.co\/TtnW9pXVOy\">https:\/\/t.co\/TtnW9pXVOy<\/a><\/p>\n<p>\u2014 Selecci\u00f3n Nacional (@miseleccionmx) <a href=\"https:\/\/twitter.com\/miseleccionmx\/status\/749775551791935488\">4 de julio de 2016<\/a><\/p><\/blockquote>\n<p><script src=\"\/\/platform.twitter.com\/widgets.js\" async=\"\" charset=\"utf-8\"><\/script><\/p>\n<p>Y aunque en alg\u00fan momento se mencion\u00f3 que s\u00ed los de Eindhoven quedaban campeones de su liga se ensanchaba la opci\u00f3n de que <strong>Guardado<\/strong> fuera refuerzo ol\u00edmpico, la realidad es que al tratarse de una competici\u00f3n fuera de los tiempos oficiales, el asunto se complica.<\/p>\n<p>El tema de los refuerzos del <em>Tri<\/em> que dirige el <em>Potro<\/em> Guti\u00e9rrez se complica, pues todo indica que <strong>Andr\u00e9s Guardado<\/strong> y <a href=\"http:\/\/www.futboltotal.com.mx\/2016\/07\/raul-jimenez-sera-refuerzo-olimpico-2\/\">Ra\u00fal Jim\u00e9nez no podr\u00e1n ser tomados en cuenta<\/a>. Por ahora, el \u00fanico jugador mayor de 23 a\u00f1os confirmado es el portero Alfredo Talavera.<\/p>\n","protected":false},"excerpt":{"rendered":"<p>\u201cLa verdad es que el PSV nos dijo que no\u2026\u201d<\/p>\n","protected":false},"author":20,"featured_media":408433,"comment_status":"closed","ping_status":"closed","sticky":false,"template":"","format":"standard","meta":[],"categories":[2198,3847,5950],"tags":[6046,5979,2377],"_links":{"self":[{"href":"http:\/\/desarrollo.grupomedios.com\/futbol\/wp-json\/wp\/v2\/posts\/408431"}],"collection":[{"href":"http:\/\/desarrollo.grupomedios.com\/futbol\/wp-json\/wp\/v2\/posts"}],"about":[{"href":"http:\/\/desarrollo.grupomedios.com\/futbol\/wp-json\/wp\/v2\/types\/post"}],"author":[{"embeddable":true,"href":"http:\/\/desarrollo.grupomedios.com\/futbol\/wp-json\/wp\/v2\/users\/20"}],"replies":[{"embeddable":true,"href":"http:\/\/desarrollo.grupomedios.com\/futbol\/wp-json\/wp\/v2\/comments?post=408431"}],"version-history":[{"count":0,"href":"http:\/\/desarrollo.grupomedios.com\/futbol\/wp-json\/wp\/v2\/posts\/408431\/revisions"}],"wp:featuredmedia":[{"embeddable":true,"href":"http:\/\/desarrollo.grupomedios.com\/futbol\/wp-json\/wp\/v2\/media\/408433"}],"wp:attachment":[{"href":"http:\/\/desarrollo.grupomedios.com\/futbol\/wp-json\/wp\/v2\/media?parent=408431"}],"wp:term":[{"taxonomy":"category","embeddable":true,"href":"http:\/\/desarrollo.grupomedios.com\/futbol\/wp-json\/wp\/v2\/categories?post=408431"},{"taxonomy":"post_tag","embeddable":true,"href":"http:\/\/desarrollo.grupomedios.com\/futbol\/wp-json\/wp\/v2\/tags?post=408431"}],"curies":[{"name":"wp","href":"https:\/\/api.w.org\/{rel}","templated":true}]}}