{"id":408515,"date":"2016-07-05T09:25:23","date_gmt":"2016-07-05T14:25:23","guid":{"rendered":"http:\/\/www.futboltotal.com.mx\/?p=408515"},"modified":"2016-07-05T09:25:23","modified_gmt":"2016-07-05T14:25:23","slug":"humberto-suazo-regresa-a-monterrey","status":"publish","type":"post","link":"http:\/\/desarrollo.grupomedios.com\/futbol\/futbol-mexicano\/humberto-suazo-regresa-a-monterrey\/2016\/07","title":{"rendered":"Chupete Suazo volver\u00e1 a jugar con Monterrey"},"content":{"rendered":"<p>Uno de los \u00faltimos \u00eddolos de <span style=\"color: #ff0000;\"><a style=\"color: #ff0000;\" href=\"http:\/\/futboltotal.com.mx\/equipos\/monterrey\/\">Monterrey<\/a><\/span>, <strong>Humberto\u00a0<em>Chupete\u00a0<\/em>Suazo<\/strong> est\u00e1 listo para volver a jugar con los <em>Rayados<\/em> y ponerse la camiseta <em>albiazul<\/em>, donde sali\u00f3 Campe\u00f3n y es el m\u00e1ximo goleador con 121 goles.<\/p>\n<p>El pr\u00f3ximo 10 julio, el delantero chileno recibir\u00e1 un homenaje por el equipo\u00a0<em>Rayado\u00a0<\/em>debido a su gran trayectoria en su paso por la Liga MX, donde se dijo &#8220;feliz por regresar a la ciudad&#8221;.<\/p>\n<blockquote class=\"twitter-tweet\" data-lang=\"es\">\n<p dir=\"ltr\" lang=\"es\"> \u26aa\ufe0f \u00a1Partido de Homenaje <a href=\"https:\/\/twitter.com\/hashtag\/Rayados?src=hash\">#Rayados<\/a> a Humberto Suazo! M\u00e1s info aqu\u00ed  <a href=\"https:\/\/t.co\/LM3M8w5G4s\">https:\/\/t.co\/LM3M8w5G4s<\/a> \u2026 <a href=\"https:\/\/t.co\/78sfvUCzLj\">pic.twitter.com\/78sfvUCzLj<\/a><\/p>\n<p>\u2014 Rayados Oficial (@Rayados) <a href=\"https:\/\/twitter.com\/Rayados\/status\/749369677172895747\">2 de julio de 2016<\/a><\/p><\/blockquote>\n<p><script src=\"\/\/platform.twitter.com\/widgets.js\" async=\"\" charset=\"utf-8\"><\/script><\/p>\n<p>El partido de homenaje a <strong>Suazo<\/strong> se disputar\u00e1 en el estadio BBVA Bancomer, donde <strong>Monterrey<\/strong> se enfrentar\u00e1 al Herediano de Costa Rica en su \u00faltimo juego previo al arranque de la Liga MX el pr\u00f3ximo 16 de julio, cuando reciban al Puebla.<\/p>\n<p style=\"text-align: center;\"><span style=\"color: #3366ff;\">LEER M\u00c1S:\u00a0<a style=\"color: #3366ff;\" href=\"http:\/\/www.futboltotal.com.mx\/2016\/07\/oficial-oribe-peralta-refuerzo-del-tri-olimpico\/\">OFICIAL: Oribe Peralta, refuerzo Ol\u00edmpico<\/a><\/span><\/p>\n<p>El\u00a0<strong><em>Chupete<\/em> Suazo<\/strong> gan\u00f3 dos t\u00edtulos de Liga MX, tres campeonatos de Liga de Campeones de Concacaf y un campeonato de goleo en el Clausura 2008.<\/p>\n","protected":false},"excerpt":{"rendered":"<p>El delantero chileno regresar\u00e1 al lugar donde fue \u00eddolo<\/p>\n","protected":false},"author":20,"featured_media":408518,"comment_status":"closed","ping_status":"closed","sticky":false,"template":"","format":"standard","meta":[],"categories":[2198,3845,5950],"tags":[64,5966],"_links":{"self":[{"href":"http:\/\/desarrollo.grupomedios.com\/futbol\/wp-json\/wp\/v2\/posts\/408515"}],"collection":[{"href":"http:\/\/desarrollo.grupomedios.com\/futbol\/wp-json\/wp\/v2\/posts"}],"about":[{"href":"http:\/\/desarrollo.grupomedios.com\/futbol\/wp-json\/wp\/v2\/types\/post"}],"author":[{"embeddable":true,"href":"http:\/\/desarrollo.grupomedios.com\/futbol\/wp-json\/wp\/v2\/users\/20"}],"replies":[{"embeddable":true,"href":"http:\/\/desarrollo.grupomedios.com\/futbol\/wp-json\/wp\/v2\/comments?post=408515"}],"version-history":[{"count":0,"href":"http:\/\/desarrollo.grupomedios.com\/futbol\/wp-json\/wp\/v2\/posts\/408515\/revisions"}],"wp:featuredmedia":[{"embeddable":true,"href":"http:\/\/desarrollo.grupomedios.com\/futbol\/wp-json\/wp\/v2\/media\/408518"}],"wp:attachment":[{"href":"http:\/\/desarrollo.grupomedios.com\/futbol\/wp-json\/wp\/v2\/media?parent=408515"}],"wp:term":[{"taxonomy":"category","embeddable":true,"href":"http:\/\/desarrollo.grupomedios.com\/futbol\/wp-json\/wp\/v2\/categories?post=408515"},{"taxonomy":"post_tag","embeddable":true,"href":"http:\/\/desarrollo.grupomedios.com\/futbol\/wp-json\/wp\/v2\/tags?post=408515"}],"curies":[{"name":"wp","href":"https:\/\/api.w.org\/{rel}","templated":true}]}}