{"id":408545,"date":"2016-07-05T12:08:59","date_gmt":"2016-07-05T17:08:59","guid":{"rendered":"http:\/\/www.futboltotal.com.mx\/?p=408545"},"modified":"2016-07-05T12:08:59","modified_gmt":"2016-07-05T17:08:59","slug":"la-maldicion-mexico-en-los-penales","status":"publish","type":"post","link":"http:\/\/desarrollo.grupomedios.com\/futbol\/futbol-mexicano\/la-maldicion-mexico-en-los-penales\/2016\/07","title":{"rendered":"La maldici\u00f3n de M\u00e9xico en los penales"},"content":{"rendered":"<p>Este 5 de julio, se cumplen 22 a\u00f1os de que la <a href=\"http:\/\/www.futboltotal.com.mx\/futbol-mexicano\/seleccion-mexicana\/\"><span style=\"color: #ff0000;\">Selecci\u00f3n Mexicana<\/span><\/a> cay\u00f3 ante Bulgaria en <strong>penales<\/strong> y fue eliminada en los Octavos de Final de la Copa del Mundo de Estados Unidos 94.<\/p>\n<p>Aquella tarde el partido termin\u00f3 empatado a un gol, pero los Bulgaros aprovecharon las fallas de Alberto Garc\u00eda Aspe, Marcelino Bernal y Jorge Rodr\u00edguez para darle el pase a su selecci\u00f3n los Cuartos de Final.<\/p>\n<p><iframe loading=\"lazy\" src=\"https:\/\/www.youtube.com\/embed\/N6ZLPBEliZk\" frameborder=\"0\" allowfullscreen=\"allowfullscreen\"><\/iframe><\/p>\n<p>Adem\u00e1s de esa eliminaci\u00f3n, el\u00a0<em>Tri\u00a0<\/em>ha tenido otras oportunidades para reivindicar la maldici\u00f3n\u00a0con los <strong>penales<\/strong>, pero ha fallado.<\/p>\n<p><span style=\"color: #ff0000;\">M\u00e9xico vs Alemania | Copa del Mundo 1986 |<\/span> A pesar de que fue antes del juego contra los bulgaros, la <strong>Selecci\u00f3n Mexicana<\/strong> ven\u00eda arrastrando la maldici\u00f3n desde el mundial que disput\u00f3 como local en 1986, cuando perdieron la oportunidad de acceder a las Semifinales cuando cayeron con los alemanes en tanda de penales.<\/p>\n<p><iframe loading=\"lazy\" src=\"https:\/\/www.youtube.com\/embed\/nmw8JlKd91k\" frameborder=\"0\" allowfullscreen=\"allowfullscreen\"><\/iframe><\/p>\n<p><span style=\"color: #ff0000;\">M\u00e9xico vs Dinamarca |\u00a0Copa Confederaciones 1995 |\u00a0<\/span>Despu\u00e9s de la eliminaci\u00f3n ante Bulgaria, <strong>M\u00e9xico<\/strong> tuvo la oportunidad de ganar en penales ante Dinamarca, que ven\u00eda de ser Campe\u00f3n de la Euro 1992, pero otra vez los fallos de\u00a0Marcelino Bernal y ahora Luis Garc\u00eda, terminaron por echarlos de la Copa Confederaciones (en ese entonces llamada Rey Fahd).<\/p>\n<p><iframe loading=\"lazy\" src=\"https:\/\/www.youtube.com\/embed\/b4HdHVRleCg\" frameborder=\"0\" allowfullscreen=\"allowfullscreen\"><\/iframe><\/p>\n<p><span style=\"color: #ff0000;\">M\u00e9xico vs Estados Unidos | Copa Am\u00e9rica 1995 |<\/span> Ese mismo a\u00f1o se sufrieron dos eliminaciones en penales, aunque la segunda fue la m\u00e1s dolorosa cuando los estadounidenses eliminaron al\u00a0<em>Tricolor\u00a0<\/em>en Cuartos de Final, donde Alberto Coyote y Carlos Hermosillo erraron sus disparos para el primer fracaso mexicano ante los vecinos del pa\u00eds del norte.<\/p>\n<p><iframe loading=\"lazy\" src=\"https:\/\/www.youtube.com\/embed\/AoqCpsGyFIA\" frameborder=\"0\" allowfullscreen=\"allowfullscreen\"><\/iframe><\/p>\n<p><span style=\"color: #ff0000;\">M\u00e9xico vs Argentina | Copa Confederaciones 2005 |<\/span> Despu\u00e9s de una gran Fase de Grupos donde qued\u00f3 como primer lugar, <strong>M\u00e9xico<\/strong> se enfrent\u00f3 a Argentina en la Semifinales de la Copa Confederaciones. El\u00a0<em>Tri\u00a0<\/em>se fue adelante gracias al gol de Carlos Salcido, pero poco tiempo despu\u00e9s Luciano Figueroa empat\u00f3 el partido para enviarlo a los penales, donde Ricardo Osorio fall\u00f3 su tiro.<\/p>\n<p><iframe loading=\"lazy\" src=\"https:\/\/www.youtube.com\/embed\/erEjL1FJzdU\" frameborder=\"0\" allowfullscreen=\"allowfullscreen\"><\/iframe><\/p>\n","protected":false},"excerpt":{"rendered":"<p>Recordamos la eliminaci\u00f3n ante Bulgaria en el 94 en los penales<\/p>\n","protected":false},"author":20,"featured_media":408561,"comment_status":"closed","ping_status":"closed","sticky":false,"template":"","format":"standard","meta":[],"categories":[2198,3847,5950],"tags":[2239,5979],"_links":{"self":[{"href":"http:\/\/desarrollo.grupomedios.com\/futbol\/wp-json\/wp\/v2\/posts\/408545"}],"collection":[{"href":"http:\/\/desarrollo.grupomedios.com\/futbol\/wp-json\/wp\/v2\/posts"}],"about":[{"href":"http:\/\/desarrollo.grupomedios.com\/futbol\/wp-json\/wp\/v2\/types\/post"}],"author":[{"embeddable":true,"href":"http:\/\/desarrollo.grupomedios.com\/futbol\/wp-json\/wp\/v2\/users\/20"}],"replies":[{"embeddable":true,"href":"http:\/\/desarrollo.grupomedios.com\/futbol\/wp-json\/wp\/v2\/comments?post=408545"}],"version-history":[{"count":0,"href":"http:\/\/desarrollo.grupomedios.com\/futbol\/wp-json\/wp\/v2\/posts\/408545\/revisions"}],"wp:featuredmedia":[{"embeddable":true,"href":"http:\/\/desarrollo.grupomedios.com\/futbol\/wp-json\/wp\/v2\/media\/408561"}],"wp:attachment":[{"href":"http:\/\/desarrollo.grupomedios.com\/futbol\/wp-json\/wp\/v2\/media?parent=408545"}],"wp:term":[{"taxonomy":"category","embeddable":true,"href":"http:\/\/desarrollo.grupomedios.com\/futbol\/wp-json\/wp\/v2\/categories?post=408545"},{"taxonomy":"post_tag","embeddable":true,"href":"http:\/\/desarrollo.grupomedios.com\/futbol\/wp-json\/wp\/v2\/tags?post=408545"}],"curies":[{"name":"wp","href":"https:\/\/api.w.org\/{rel}","templated":true}]}}