{"id":408547,"date":"2016-07-05T11:35:38","date_gmt":"2016-07-05T16:35:38","guid":{"rendered":"http:\/\/www.futboltotal.com.mx\/?p=408547"},"modified":"2016-07-06T13:32:48","modified_gmt":"2016-07-06T18:32:48","slug":"mejia-baron-dejo-en-la-banca-a-hugo-sanchez","status":"publish","type":"post","link":"http:\/\/desarrollo.grupomedios.com\/futbol\/videos\/mejia-baron-dejo-en-la-banca-a-hugo-sanchez\/2016\/07","title":{"rendered":"\u00bfPor qu\u00e9 Miguel?&#8230; \u00a1Por qu\u00e9!"},"content":{"rendered":"<p>[video_player]https:\/\/player.vimeo.com\/external\/173486733.hd.mp4?s=e2580296aff58d37e0bcc8ae7f76a29a31c61458&amp;profile_id=174[\/video_player]<\/p>\n<p>La eliminaci\u00f3n de M\u00e9xico del Mundial de Estados Unidos 1994 qued\u00f3 marcada por la pol\u00e9mica decisi\u00f3n de <strong>Miguel Mej\u00eda Bar\u00f3n<\/strong> de dejar en la banca a <strong>Hugo S\u00e1nchez<\/strong>.<\/p>\n<p>En la recta final del partido ante Bulgaria, en los Octavos de Final, el entrenador mexicano volte\u00f3 a la banca y puso a calentar a <em>Hugol<\/em>.<\/p>\n<p>Apremiaban los goles para lograr el quinto partido. Sin embargo, el tiempo se le vino encima y jam\u00e1s realiz\u00f3 el cambio. El final de la historia\u2026 M\u00e9xico fue eliminado en los tr\u00e1gicos penales.<\/p>\n<p style=\"text-align: center;\"><span style=\"color: #3366ff;\"><strong><a style=\"color: #3366ff;\" href=\"http:\/\/www.futboltotal.com.mx\/2016\/06\/juan-carlos-osorio-renuncio-al-tri\/\">LEER M\u00c1S: Juan Carlos Osorio si renunci\u00f3 al Tri\u2026<\/a><\/strong><\/span><\/p>\n<p>La pol\u00e9mica se ensanch\u00f3 con la confesi\u00f3n que tiempo despu\u00e9s hizo Hristo Stoichkov, figura de Bulgaria en aquel Mundial: \u201cFue un alivio que <strong>Hugo<\/strong> no entrar\u00e1. Nos quit\u00f3 much\u00edsima presi\u00f3n\u201d.<\/p>\n<p><span style=\"color: #ff0000;\">\u00bfPor qu\u00e9 <strong>Mej\u00eda Bar\u00f3n<\/strong> dej\u00f3 en la banca a <strong>Hugo S\u00e1nchez<\/strong>?<\/span><\/p>\n<p><strong>Las razones del DOCTOR\u2026<\/strong><\/p>\n<p>\u201cA <strong>Hugo<\/strong> le dije que se fijara donde jugaba Benjam\u00edn Galindo y qu\u00e9 estaba haciendo, pero <strong>Hugo<\/strong> me dice: \u2018ah\u00ed no me gustar\u00eda jugar <strong>Miguel<\/strong>, me gustar\u00eda jugar adelante\u2019. <strong>Hugo<\/strong> no me dijo no, me dijo: \u2018creo que deber\u00edas arriesgarte y ponerme adelante\u2019.<\/p>\n<p>\u201cEntonces dije internamente: no meto a <strong>Hugo<\/strong>, voy a esperar a que terminen los tiempos extras y vamos a ganar con penaltis. Ah\u00ed si me equivoqu\u00e9, porque la historia lo dice, pero ten\u00edamos a Campos, que era un gran portero, y a grandes tiradores. Yo pens\u00e9 que con eso pod\u00edamos ganar.<\/p>\n<p>\u201cA <strong>Hugo S\u00e1nchez<\/strong> lo respeto. Pero no por eso lo iba a meter, porque ven\u00eda de fallar el penal con Rayo (Vallecano), hab\u00eda fallado el penal contra Paraguay. Yo estaba en la cancha cuando Bora escog\u00eda los jugadores contra Alemania en el 86 y <strong>Hugo<\/strong> le dijo: \u2018no puedo porque tengo calambres\u2019. Y no lo critico, s\u00f3lo digo que eso fue lo que entr\u00f3 en mi cabeza para tomar la decisi\u00f3n\u201d.<\/p>\n<p><a href=\"http:\/\/www.futboltotal.com.mx\/2016\/07\/mejia-baron-dejo-en-la-banca-a-hugo-sanchez\/emociones-mexico-mundial-eu-94\/\" rel=\"attachment wp-att-408553\"><img decoding=\"async\" loading=\"lazy\" class=\"aligncenter size-full wp-image-408553\" src=\"http:\/\/www.futboltotal.com.mx\/wp-content\/uploads\/2016\/07\/emociones-mexico-mundial-eu-94.jpg\" alt=\"emociones-mexico-mundial-eu-94\" srcset=\"http:\/\/desarrollo.grupomedios.com\/futbol\/wp-content\/uploads\/2016\/07\/emociones-mexico-mundial-eu-94.jpg 858w, http:\/\/desarrollo.grupomedios.com\/futbol\/wp-content\/uploads\/2016\/07\/emociones-mexico-mundial-eu-94-252x300.jpg 252w, http:\/\/desarrollo.grupomedios.com\/futbol\/wp-content\/uploads\/2016\/07\/emociones-mexico-mundial-eu-94-768x913.jpg 768w\" sizes=\"(max-width: 858px) 100vw, 858px\" \/><\/a><\/p>\n<p><span style=\"color: #ff0000;\">\u00bfPor qu\u00e9\u00a0<strong>Mej\u00eda Bar\u00f3n<\/strong>\u00a0dej\u00f3 en la banca a\u00a0<strong>Hugo S\u00e1nchez<\/strong>?<\/span><\/p>\n<p><strong>Las razones de HUGOL\u2026<\/strong><\/p>\n<p>\u201cEn ese momento el entrenador (<strong>Miguel Mej\u00eda Bar\u00f3n<\/strong>) que ten\u00edamos se bloque\u00f3. No tuvo el atrevimiento de hacer los cambios ni ser atrevido para buscar ganar el partido\u2026<\/p>\n<p>\u201cEst\u00e1bamos jugando mejor que ellos. Cuando estaba calentando habl\u00e9 con \u00e9l, lo vi que estaba dudando\u2026 me quer\u00eda meter de centrocampista en lugar de Benjam\u00edn Galindo. Yo le dije: \u2018nunca he jugado ah\u00ed, yo soy delantero y queremos ganar, s\u00e9 atrevido\u2019.<\/p>\n<p>\u201cSe bloque\u00f3 y no hizo ning\u00fan cambio. Primera vez en mi vida vi un caso de esos, en un campeonato del Mundo, despu\u00e9s de los 90 minutos, m\u00e1s los tiempos extra, no se hiciese ni un solo cambio. No hubo atrevimiento. Al final, sent\u00ed impotencia por no poder entrar y contribuir a una de las posibles haza\u00f1as que hubi\u00e9ramos conseguido\u201d.<\/p>\n","protected":false},"excerpt":{"rendered":"<p>\u00bfPor qu\u00e9 Mej\u00eda Bar\u00f3n dej\u00f3 en la banca a Hugo S\u00e1nchez?<\/p>\n","protected":false},"author":20,"featured_media":408550,"comment_status":"closed","ping_status":"closed","sticky":false,"template":"","format":"standard","meta":[],"categories":[2198,3847,5950,4],"tags":[65,5979],"_links":{"self":[{"href":"http:\/\/desarrollo.grupomedios.com\/futbol\/wp-json\/wp\/v2\/posts\/408547"}],"collection":[{"href":"http:\/\/desarrollo.grupomedios.com\/futbol\/wp-json\/wp\/v2\/posts"}],"about":[{"href":"http:\/\/desarrollo.grupomedios.com\/futbol\/wp-json\/wp\/v2\/types\/post"}],"author":[{"embeddable":true,"href":"http:\/\/desarrollo.grupomedios.com\/futbol\/wp-json\/wp\/v2\/users\/20"}],"replies":[{"embeddable":true,"href":"http:\/\/desarrollo.grupomedios.com\/futbol\/wp-json\/wp\/v2\/comments?post=408547"}],"version-history":[{"count":0,"href":"http:\/\/desarrollo.grupomedios.com\/futbol\/wp-json\/wp\/v2\/posts\/408547\/revisions"}],"wp:featuredmedia":[{"embeddable":true,"href":"http:\/\/desarrollo.grupomedios.com\/futbol\/wp-json\/wp\/v2\/media\/408550"}],"wp:attachment":[{"href":"http:\/\/desarrollo.grupomedios.com\/futbol\/wp-json\/wp\/v2\/media?parent=408547"}],"wp:term":[{"taxonomy":"category","embeddable":true,"href":"http:\/\/desarrollo.grupomedios.com\/futbol\/wp-json\/wp\/v2\/categories?post=408547"},{"taxonomy":"post_tag","embeddable":true,"href":"http:\/\/desarrollo.grupomedios.com\/futbol\/wp-json\/wp\/v2\/tags?post=408547"}],"curies":[{"name":"wp","href":"https:\/\/api.w.org\/{rel}","templated":true}]}}