{"id":408586,"date":"2016-07-05T13:30:19","date_gmt":"2016-07-05T18:30:19","guid":{"rendered":"http:\/\/www.futboltotal.com.mx\/?p=408586"},"modified":"2016-07-05T13:30:19","modified_gmt":"2016-07-05T18:30:19","slug":"distribuidores-omnilife-venderan-chivas-tv","status":"publish","type":"post","link":"http:\/\/desarrollo.grupomedios.com\/futbol\/futbol-mexicano\/distribuidores-omnilife-venderan-chivas-tv\/2016\/07","title":{"rendered":"Vergara recurre a Omnilife para promover Chivas TV"},"content":{"rendered":"<p><strong>Jorge Vergara<\/strong> quiere que su nuevo proyecto con <a href=\"http:\/\/www.futboltotal.com.mx\/equipos\/guadalajara\/\" target=\"_blank\"><strong>Chivas<\/strong><\/a> sea exitoso, o por lo menos, que le genere suficientes ganancias, por eso ahora recurre a sus otras empresas, para potencializar la venta del nuevo servicio del club<em> rojiblanco<\/em>.<\/p>\n<p>A partir de la primera semana de julio, <strong>Omnilife<\/strong> habilit\u00f3 a la red de sus distribuidores, la venta de paquetes de <strong>Chivas TV<\/strong>, con lo que los empleados de la empresa de <strong>Jorge Vergara,<\/strong> obtendr\u00e1n bonos o beneficios econ\u00f3micos, por conseguir la suscripci\u00f3n de usuarios, al servicio del club <em>rojiblanco<\/em>.<\/p>\n<p>Los distribuidores de <strong>Omnilife<\/strong>, ser\u00edan beneficiados con m\u00e1s de 400 pesos por paquete vendido, as\u00ed lo anunci\u00f3 la empresa a trav\u00e9s de sus redes sociales y de su portal. Con ello, <strong>Chivas<\/strong> recibir\u00e1 la ayuda de uno de los departamentos de ventas m\u00e1s s\u00f3lidos de Am\u00e9rica Latina.<\/p>\n<p style=\"text-align: center;\"><span style=\"color: #3366ff;\"><a style=\"color: #3366ff;\" href=\"http:\/\/www.futboltotal.com.mx\/2016\/07\/chivas-tv-tendra-30-narradores\/\" target=\"_blank\"><strong>LEER M\u00c1S: Chivas TV tendr\u00eda hasta 30 narradores<\/strong><\/a><\/span><\/p>\n<blockquote class=\"twitter-tweet\" data-lang=\"es\">\n<p dir=\"ltr\" lang=\"es\">Todo sobre el bono <a href=\"https:\/\/twitter.com\/hashtag\/Reba%C3%B1oSagrado?src=hash\">#Reba\u00f1oSagrado<\/a> y c\u00f3mo ganar con <a href=\"https:\/\/twitter.com\/hashtag\/ChivasTV?src=hash\">#ChivasTV<\/a>. A las 4pm entra a <a href=\"https:\/\/t.co\/NrE2jkyNRR\">https:\/\/t.co\/NrE2jkyNRR<\/a> <a href=\"https:\/\/t.co\/LB2RcQZHFP\">pic.twitter.com\/LB2RcQZHFP<\/a><\/p>\n<p>\u2014 Omnilife (@Omnilife) <a href=\"https:\/\/twitter.com\/Omnilife\/status\/750384476920827905\">5 de julio de 2016<\/a><\/p><\/blockquote>\n<p><script src=\"\/\/platform.twitter.com\/widgets.js\" async=\"\" charset=\"utf-8\"><\/script><\/p>\n<p>Esta es la primera ocasi\u00f3n, desde que <strong>Jorge Vergara<\/strong> es due\u00f1o de <strong>Chivas<\/strong>, que el empresario se ayudar\u00e1 de sus otras empresas, para beneficiar al Reba\u00f1o Sagrado.<\/p>\n<p><span style=\"color: #ff0000;\">VIDEO: Las peores fallas de la historia del futbol<\/span><\/p>\n<p>[video_player]https:\/\/player.vimeo.com\/external\/173401624.hd.mp4?s=8ff0e2b008698c900b93c8a19d5de2da6b9503f8&amp;profile_id=174[\/video_player]<\/p>\n","protected":false},"excerpt":{"rendered":"<p>Distribuidores de la empresa, vender\u00e1n el servicio<\/p>\n","protected":false},"author":20,"featured_media":408595,"comment_status":"closed","ping_status":"closed","sticky":false,"template":"","format":"standard","meta":[],"categories":[5419,2198,3845],"tags":[7110],"_links":{"self":[{"href":"http:\/\/desarrollo.grupomedios.com\/futbol\/wp-json\/wp\/v2\/posts\/408586"}],"collection":[{"href":"http:\/\/desarrollo.grupomedios.com\/futbol\/wp-json\/wp\/v2\/posts"}],"about":[{"href":"http:\/\/desarrollo.grupomedios.com\/futbol\/wp-json\/wp\/v2\/types\/post"}],"author":[{"embeddable":true,"href":"http:\/\/desarrollo.grupomedios.com\/futbol\/wp-json\/wp\/v2\/users\/20"}],"replies":[{"embeddable":true,"href":"http:\/\/desarrollo.grupomedios.com\/futbol\/wp-json\/wp\/v2\/comments?post=408586"}],"version-history":[{"count":0,"href":"http:\/\/desarrollo.grupomedios.com\/futbol\/wp-json\/wp\/v2\/posts\/408586\/revisions"}],"wp:featuredmedia":[{"embeddable":true,"href":"http:\/\/desarrollo.grupomedios.com\/futbol\/wp-json\/wp\/v2\/media\/408595"}],"wp:attachment":[{"href":"http:\/\/desarrollo.grupomedios.com\/futbol\/wp-json\/wp\/v2\/media?parent=408586"}],"wp:term":[{"taxonomy":"category","embeddable":true,"href":"http:\/\/desarrollo.grupomedios.com\/futbol\/wp-json\/wp\/v2\/categories?post=408586"},{"taxonomy":"post_tag","embeddable":true,"href":"http:\/\/desarrollo.grupomedios.com\/futbol\/wp-json\/wp\/v2\/tags?post=408586"}],"curies":[{"name":"wp","href":"https:\/\/api.w.org\/{rel}","templated":true}]}}