{"id":408591,"date":"2016-07-05T13:43:51","date_gmt":"2016-07-05T18:43:51","guid":{"rendered":"http:\/\/www.futboltotal.com.mx\/?p=408591"},"modified":"2016-07-05T13:43:51","modified_gmt":"2016-07-05T18:43:51","slug":"jose-mourinho-vuelve-atacar-a-arsene-wenger","status":"publish","type":"post","link":"http:\/\/desarrollo.grupomedios.com\/futbol\/futbol-internacional\/jose-mourinho-vuelve-atacar-a-arsene-wenger\/2016\/07","title":{"rendered":"Mou regres\u00f3 a la Premier con indirecta para Wenger"},"content":{"rendered":"<p><strong>Jos\u00e9 Mourinho<\/strong> volvi\u00f3 a la Premier League tras ser presentado como nuevo Director T\u00e9cnico del <strong>Manchester United,<\/strong> y como es costumbre, el portugu\u00e9s lo hizo recordando a su gran &#8220;amigo&#8221;, el franc\u00e9s <strong>Arsene Wenger<\/strong>, a quien tundi\u00f3 con tremenda indirecta.<\/p>\n<p><img decoding=\"async\" loading=\"lazy\" class=\"alignnone size-full wp-image-408596\" src=\"http:\/\/www.futboltotal.com.mx\/wp-content\/uploads\/2016\/07\/frase-MOU-VS-WENGER.jpg\" alt=\"frase-MOU-VS-WENGER\" srcset=\"http:\/\/desarrollo.grupomedios.com\/futbol\/wp-content\/uploads\/2016\/07\/frase-MOU-VS-WENGER.jpg 1880w, http:\/\/desarrollo.grupomedios.com\/futbol\/wp-content\/uploads\/2016\/07\/frase-MOU-VS-WENGER-300x251.jpg 300w, http:\/\/desarrollo.grupomedios.com\/futbol\/wp-content\/uploads\/2016\/07\/frase-MOU-VS-WENGER-768x644.jpg 768w, http:\/\/desarrollo.grupomedios.com\/futbol\/wp-content\/uploads\/2016\/07\/frase-MOU-VS-WENGER-1024x858.jpg 1024w\" sizes=\"(max-width: 1880px) 100vw, 1880px\" \/><\/p>\n<p>Toda la rivalidad entre estos t\u00e9cnicos comenz\u00f3 por all\u00e1 de la temporada 2004-05, cuando el t\u00e9cnico del Arsenal, <strong>Arsene Wenger<\/strong>, declar\u00f3 que el Chelsea, equipo que en aquel entonces dirig\u00eda\u00a0<em><strong>Mou<\/strong>,\u00a0<\/em>&#8220;pon\u00eda en riesgo el deporte neg\u00e1ndose a tomar la iniciativa&#8221;.<\/p>\n<p style=\"text-align: center;\"><span style=\"color: #3366ff;\">LEER M\u00c1S:\u00a0<a style=\"color: #3366ff;\" href=\"http:\/\/www.futboltotal.com.mx\/2016\/07\/precios-para-la-copa-del-mundo-y-copa-confederaciones\/\">Revelan precios para la Copa del Mundo y Copa Confederaciones<\/a><\/span><\/p>\n<p>Desde entonces, <strong>Wenger<\/strong> y <strong>Mourinho<\/strong> se han enfrentado en distintas ocasiones e incluso se han puesto cara a cara para discutir. Te dejamos algunas de sus mejores frases.<\/p>\n<blockquote class=\"summary-cite\"><p><em>&#8220;Hay gente que tiene un telescopio en casa y se dedica a mirar a sus vecinos. <strong>Wenger<\/strong> debe de ser uno de ellos. Siempre est\u00e1 hablando de otras familias, parece que est\u00e9 enamorado del Chelsea. Quiz\u00e1 quiera tomar mi trabajo&#8221;,\u00a0<\/em>dijo Mourinho en 2005.<\/p><\/blockquote>\n<blockquote><p><em>&#8220;Es un irrespetuoso y est\u00e1 desconectado de la realidad. Cuando das importancia a gente est\u00fapida, a veces se hacen m\u00e1s est\u00fapidos, no m\u00e1s inteligentes&#8221;,\u00a0<\/em>declar\u00f3 Wenger.<\/p>\n<p><em>&#8220;A los ingleses les gustan mucho las estad\u00edsticas. \u00bfSaben que Arsene Wenger s\u00f3lo tiene un 50 por ciento de victorias en la Premier League?&#8221;<\/em><\/p>\n<p>&#8220;<em>Wenger es un especialista en fracasos. Ocho a\u00f1os sin ganar nada. Si yo hago eso con el Chelsea, me march\u00f3 de Londres y no vuelvo m\u00e1s&#8221;.<\/em><\/p><\/blockquote>\n<p><iframe loading=\"lazy\" src=\"https:\/\/www.youtube.com\/embed\/LgwjM-Kd7GU\" frameborder=\"0\" allowfullscreen=\"allowfullscreen\"><\/iframe><\/p>\n","protected":false},"excerpt":{"rendered":"<p>En su regreso a la Premier Legue, Mou volvi\u00f3 a atacar al t\u00e9cnico del Arsenal<\/p>\n","protected":false},"author":20,"featured_media":408603,"comment_status":"closed","ping_status":"closed","sticky":false,"template":"","format":"standard","meta":[],"categories":[3839,3846,5951],"tags":[6044,2177,288,43],"_links":{"self":[{"href":"http:\/\/desarrollo.grupomedios.com\/futbol\/wp-json\/wp\/v2\/posts\/408591"}],"collection":[{"href":"http:\/\/desarrollo.grupomedios.com\/futbol\/wp-json\/wp\/v2\/posts"}],"about":[{"href":"http:\/\/desarrollo.grupomedios.com\/futbol\/wp-json\/wp\/v2\/types\/post"}],"author":[{"embeddable":true,"href":"http:\/\/desarrollo.grupomedios.com\/futbol\/wp-json\/wp\/v2\/users\/20"}],"replies":[{"embeddable":true,"href":"http:\/\/desarrollo.grupomedios.com\/futbol\/wp-json\/wp\/v2\/comments?post=408591"}],"version-history":[{"count":0,"href":"http:\/\/desarrollo.grupomedios.com\/futbol\/wp-json\/wp\/v2\/posts\/408591\/revisions"}],"wp:featuredmedia":[{"embeddable":true,"href":"http:\/\/desarrollo.grupomedios.com\/futbol\/wp-json\/wp\/v2\/media\/408603"}],"wp:attachment":[{"href":"http:\/\/desarrollo.grupomedios.com\/futbol\/wp-json\/wp\/v2\/media?parent=408591"}],"wp:term":[{"taxonomy":"category","embeddable":true,"href":"http:\/\/desarrollo.grupomedios.com\/futbol\/wp-json\/wp\/v2\/categories?post=408591"},{"taxonomy":"post_tag","embeddable":true,"href":"http:\/\/desarrollo.grupomedios.com\/futbol\/wp-json\/wp\/v2\/tags?post=408591"}],"curies":[{"name":"wp","href":"https:\/\/api.w.org\/{rel}","templated":true}]}}