{"id":408613,"date":"2016-07-05T15:58:46","date_gmt":"2016-07-05T20:58:46","guid":{"rendered":"http:\/\/www.futboltotal.com.mx\/?p=408613"},"modified":"2016-07-05T16:45:17","modified_gmt":"2016-07-05T21:45:17","slug":"eurocopa-2016-cara-a-cara-cristiano-ronaldo-vs-gareth-bale","status":"publish","type":"post","link":"http:\/\/desarrollo.grupomedios.com\/futbol\/futbol-internacional\/eurocopa-2016-cara-a-cara-cristiano-ronaldo-vs-gareth-bale\/2016\/07","title":{"rendered":"Cristiano vs. Gareth | De socios a rivales"},"content":{"rendered":"<p>Los poderosos delanteros del Real Madrid, <strong>Cristiano Ronaldo<\/strong> y <strong>Gareth Bale<\/strong>, se enfrentan el pr\u00f3ximo mi\u00e9rcoles 6 de julio, por el boleto a la Gran Final de la <a href=\"http:\/\/www.futboltotal.com.mx\/eurocopa-2016\/\" target=\"_blank\"><strong>Eurocopa 2016<\/strong><\/a>, el primero comanda a <strong>Portugal<\/strong>, quien quiere regresar a un juego por el t\u00edtulo, tras 12 a\u00f1os de hacerlo por \u00faltima vez; mientras que el segundo, comanda a un sorpresivo <strong>Gales<\/strong> que quiere la gloria eterna.<\/p>\n<p>Tanto <strong>Cristiano Ronaldo<\/strong> como <strong>Gareth Bale<\/strong>, han asumido de forma responsable, su posici\u00f3n de comandantes del gol para su respectiva selecci\u00f3n, pues han anotado para su respectivo combinado, en momentos importantes; y para completar su carrera, buscar\u00e1n mantenerse determinantes, para enviar a su equipo, a la final de la <strong>Eurocopa<\/strong>.<\/p>\n<p style=\"text-align: center;\"><span style=\"color: #3366ff;\"><a style=\"color: #3366ff;\" href=\"http:\/\/www.futboltotal.com.mx\/2016\/07\/guia-supervivencia-semifinales-eurocopa-2016\/\" target=\"_blank\"><strong>LEER M\u00c1S: Gu\u00eda de supervivencia de las semifinales de la Euro<\/strong><\/a><\/span><\/p>\n<p>En el Real Madrid han sido socios de sumo potencial, que le han dado ya t\u00edtulos al club, pero su relaci\u00f3n no es tan cercana, debido al protagonismo que tienen ambos futbolistas, por eso en esta ocasi\u00f3n, el sabor de la victoria, tendr\u00e1 un significado medi\u00e1tico, de sumo inter\u00e9s para ellos y el mundo.<\/p>\n<p>A continuaci\u00f3n, colocamos los n\u00fameros de <strong>Cristiano Ronaldo<\/strong> y <strong>Gareth Bale<\/strong>, con su respectiva selecci\u00f3n:<\/p>\n<p><a href=\"http:\/\/www.futboltotal.com.mx\/wp-content\/uploads\/2016\/07\/cristianobale1.jpg\"><img decoding=\"async\" loading=\"lazy\" class=\"alignnone size-full wp-image-408615\" src=\"http:\/\/www.futboltotal.com.mx\/wp-content\/uploads\/2016\/07\/cristianobale1.jpg\" alt=\"cristianobale(1)\" srcset=\"http:\/\/desarrollo.grupomedios.com\/futbol\/wp-content\/uploads\/2016\/07\/cristianobale1.jpg 858w, http:\/\/desarrollo.grupomedios.com\/futbol\/wp-content\/uploads\/2016\/07\/cristianobale1-300x288.jpg 300w, http:\/\/desarrollo.grupomedios.com\/futbol\/wp-content\/uploads\/2016\/07\/cristianobale1-768x737.jpg 768w\" sizes=\"(max-width: 858px) 100vw, 858px\" \/><\/a><\/p>\n<p>VIDEO: Las peores fallas de la historia del futbol<\/p>\n<p>[video_player]https:\/\/player.vimeo.com\/external\/173401624.hd.mp4?s=8ff0e2b008698c900b93c8a19d5de2da6b9503f8&amp;profile_id=174[\/video_player]<\/p>\n","protected":false},"excerpt":{"rendered":"<p>Los delanteros del Real Madrid, se enfrentan por el pase a la final<\/p>\n","protected":false},"author":20,"featured_media":408616,"comment_status":"closed","ping_status":"closed","sticky":false,"template":"","format":"standard","meta":[],"categories":[7061,6995,3839,6999,5951],"tags":[6013,6152,6043],"_links":{"self":[{"href":"http:\/\/desarrollo.grupomedios.com\/futbol\/wp-json\/wp\/v2\/posts\/408613"}],"collection":[{"href":"http:\/\/desarrollo.grupomedios.com\/futbol\/wp-json\/wp\/v2\/posts"}],"about":[{"href":"http:\/\/desarrollo.grupomedios.com\/futbol\/wp-json\/wp\/v2\/types\/post"}],"author":[{"embeddable":true,"href":"http:\/\/desarrollo.grupomedios.com\/futbol\/wp-json\/wp\/v2\/users\/20"}],"replies":[{"embeddable":true,"href":"http:\/\/desarrollo.grupomedios.com\/futbol\/wp-json\/wp\/v2\/comments?post=408613"}],"version-history":[{"count":0,"href":"http:\/\/desarrollo.grupomedios.com\/futbol\/wp-json\/wp\/v2\/posts\/408613\/revisions"}],"wp:featuredmedia":[{"embeddable":true,"href":"http:\/\/desarrollo.grupomedios.com\/futbol\/wp-json\/wp\/v2\/media\/408616"}],"wp:attachment":[{"href":"http:\/\/desarrollo.grupomedios.com\/futbol\/wp-json\/wp\/v2\/media?parent=408613"}],"wp:term":[{"taxonomy":"category","embeddable":true,"href":"http:\/\/desarrollo.grupomedios.com\/futbol\/wp-json\/wp\/v2\/categories?post=408613"},{"taxonomy":"post_tag","embeddable":true,"href":"http:\/\/desarrollo.grupomedios.com\/futbol\/wp-json\/wp\/v2\/tags?post=408613"}],"curies":[{"name":"wp","href":"https:\/\/api.w.org\/{rel}","templated":true}]}}