{"id":408614,"date":"2016-07-07T15:25:25","date_gmt":"2016-07-07T20:25:25","guid":{"rendered":"http:\/\/www.futboltotal.com.mx\/?p=408614"},"modified":"2016-07-07T15:28:45","modified_gmt":"2016-07-07T20:28:45","slug":"los-refuerzos-del-tri-olimpico","status":"publish","type":"post","link":"http:\/\/desarrollo.grupomedios.com\/futbol\/futbol-mexicano\/los-refuerzos-del-tri-olimpico\/2016\/07","title":{"rendered":"Los refuerzos del Tri Ol\u00edmpico"},"content":{"rendered":"<p>Durante semanas se barajaron numerosos nombres\u00a0para reforzar al <a href=\"http:\/\/www.futboltotal.com.mx\/futbol-mexicano\/seleccion-mexicana\/\" target=\"_blank\"><strong><em>Tri<\/em>\u00a0ol\u00edmpico<\/strong><\/a> que participar\u00e1 en <strong>R\u00edo 2016<\/strong>. Sin embargo, poco a poco la lista de candidatos fue\u00a0reduci\u00e9ndose. Este jueves, se devel\u00f3 el misterio:\u00a0Ra\u00fal Guti\u00e9rrez dio a conocer oficialmente la <a href=\"http:\/\/www.futboltotal.com.mx\/2016\/07\/oficial-los-convocados-para-tri-olimpico\/\">lista de convocados de la Selecci\u00f3n Mexicana Sub-23 que participar\u00e1 en los pr\u00f3ximos Juegos Ol\u00edmpicos<\/a>.<\/p>\n<p><strong><span style=\"color: #800000;\">Alfredo Talavera<\/span><\/strong> | A pesar de tener a Gibr\u00e1n Lajud y Ra\u00fal Gudi\u00f1o, el <em>Potro<\/em>\u00a0se decidi\u00f3 por un guardameta de mayor experiencia. El\u00a0estratega del <em>Tri<\/em> <strong>ol\u00edmpico<\/strong> apost\u00f3 por el cancerbero del Toluca, quien se ha mantenido como uno de los mejores porteros de la Liga MX en\u00a0los \u00faltimos a\u00f1os.<\/p>\n<blockquote class=\"twitter-tweet\" data-lang=\"es\">\n<p dir=\"ltr\" lang=\"es\">El mejor de los \u00e9xitos a <a href=\"https:\/\/twitter.com\/miseleccionmx\">@miseleccionmx<\/a> gracias por la oportunidad.  Vamos M\u00c9XICO !!! <a href=\"https:\/\/t.co\/GuZP3bjs3B\">pic.twitter.com\/GuZP3bjs3B<\/a><\/p>\n<p>\u2014 Ra\u00fal Gudi\u00f1o (@RaulGudino1) <a href=\"https:\/\/twitter.com\/RaulGudino1\/status\/751144143338876928\">7 de julio de 2016<\/a><\/p><\/blockquote>\n<p><script src=\"\/\/platform.twitter.com\/widgets.js\" async=\"\" charset=\"utf-8\"><\/script><\/p>\n<p><span style=\"color: #800000;\"><strong>Oribe Peralta<\/strong> <\/span>| Ante las negativas de Javier Hern\u00e1ndez y\u00a0Ra\u00fal Jim\u00e9nez, el <em>Cepillo<\/em> se decant\u00f3 como el mejor plan C. Su carta de presentaci\u00f3n:\u00a0es el mejor romperredes mexicano en el Apertura 2015 y Clausura 2016,\u00a0con 17 goles. Se espera que el delantero vuelva a echarse el equipo al hombro como lo hiciera en Londres 2012, donde la Selecci\u00f3n Mexicana se adjudic\u00f3 la medalla de oro.<\/p>\n<p><a href=\"http:\/\/www.futboltotal.com.mx\/2016\/07\/los-refuerzos-del-tri-olimpico\/refuerzos-olimpicos-emociones\/\" rel=\"attachment wp-att-408644\"><img decoding=\"async\" loading=\"lazy\" class=\"aligncenter size-full wp-image-408644\" src=\"http:\/\/www.futboltotal.com.mx\/wp-content\/uploads\/2016\/07\/refuerzos-olimpicos-emociones.jpg\" alt=\"refuerzos-olimpicos-emociones\" srcset=\"http:\/\/desarrollo.grupomedios.com\/futbol\/wp-content\/uploads\/2016\/07\/refuerzos-olimpicos-emociones.jpg 858w, http:\/\/desarrollo.grupomedios.com\/futbol\/wp-content\/uploads\/2016\/07\/refuerzos-olimpicos-emociones-249x300.jpg 249w, http:\/\/desarrollo.grupomedios.com\/futbol\/wp-content\/uploads\/2016\/07\/refuerzos-olimpicos-emociones-768x925.jpg 768w, http:\/\/desarrollo.grupomedios.com\/futbol\/wp-content\/uploads\/2016\/07\/refuerzos-olimpicos-emociones-851x1024.jpg 851w\" sizes=\"(max-width: 858px) 100vw, 858px\" \/><\/a><\/p>\n<p><span style=\"color: #800000;\"><strong>Jorge Torres Nilo<\/strong>\u00a0<\/span>| <em>Potro<\/em> Guti\u00e9rrez necesitaba\u00a0reforzar su mediocampo y por eso su mayor anhelo fue\u00a0Andr\u00e9s Guardado, quien no logr\u00f3\u00a0convencer a la directiva del PSV para que le diera\u00a0permiso de participar en <strong>R\u00edo 2016<\/strong>. Ante ello, el entrenador del\u00a0<em>Tri<\/em><strong>\u00a0ol\u00edmpico<\/strong>\u00a0convoc\u00f3 a Jorge Torres Nilo.<\/p>\n<p><span style=\"color: #ff0000;\"><strong>VIDEO<\/strong>:\u00a0\u00bfPor qu\u00e9 Miguel? \u00a1Por qu\u00e9!<\/span><\/p>\n<p>[video_player]https:\/\/player.vimeo.com\/external\/173486733.hd.mp4?s=e2580296aff58d37e0bcc8ae7f76a29a31c61458&amp;profile_id=174[\/video_player]<\/p>\n","protected":false},"excerpt":{"rendered":"<p>La selecci\u00f3n Sub-23 est\u00e1 casi lista para R\u00edo 2016<\/p>\n","protected":false},"author":20,"featured_media":408627,"comment_status":"closed","ping_status":"closed","sticky":false,"template":"","format":"standard","meta":[],"categories":[2198,3847,5950],"tags":[5979,2377],"_links":{"self":[{"href":"http:\/\/desarrollo.grupomedios.com\/futbol\/wp-json\/wp\/v2\/posts\/408614"}],"collection":[{"href":"http:\/\/desarrollo.grupomedios.com\/futbol\/wp-json\/wp\/v2\/posts"}],"about":[{"href":"http:\/\/desarrollo.grupomedios.com\/futbol\/wp-json\/wp\/v2\/types\/post"}],"author":[{"embeddable":true,"href":"http:\/\/desarrollo.grupomedios.com\/futbol\/wp-json\/wp\/v2\/users\/20"}],"replies":[{"embeddable":true,"href":"http:\/\/desarrollo.grupomedios.com\/futbol\/wp-json\/wp\/v2\/comments?post=408614"}],"version-history":[{"count":0,"href":"http:\/\/desarrollo.grupomedios.com\/futbol\/wp-json\/wp\/v2\/posts\/408614\/revisions"}],"wp:featuredmedia":[{"embeddable":true,"href":"http:\/\/desarrollo.grupomedios.com\/futbol\/wp-json\/wp\/v2\/media\/408627"}],"wp:attachment":[{"href":"http:\/\/desarrollo.grupomedios.com\/futbol\/wp-json\/wp\/v2\/media?parent=408614"}],"wp:term":[{"taxonomy":"category","embeddable":true,"href":"http:\/\/desarrollo.grupomedios.com\/futbol\/wp-json\/wp\/v2\/categories?post=408614"},{"taxonomy":"post_tag","embeddable":true,"href":"http:\/\/desarrollo.grupomedios.com\/futbol\/wp-json\/wp\/v2\/tags?post=408614"}],"curies":[{"name":"wp","href":"https:\/\/api.w.org\/{rel}","templated":true}]}}