{"id":408622,"date":"2016-07-05T16:40:25","date_gmt":"2016-07-05T21:40:25","guid":{"rendered":"http:\/\/www.futboltotal.com.mx\/?p=408622"},"modified":"2016-07-05T16:40:25","modified_gmt":"2016-07-05T21:40:25","slug":"bale-recordo-burla-kroos-gales","status":"publish","type":"post","link":"http:\/\/desarrollo.grupomedios.com\/futbol\/futbol-internacional\/bale-recordo-burla-kroos-gales\/2016\/07","title":{"rendered":"Bale record\u00f3 burla de Kroos sobre Gales"},"content":{"rendered":"<p>Previo al partido de Semifinales que disputar\u00e1 Gales contra Portugal, el delantero <strong>Gareth Bale<\/strong> confes\u00f3 una platica con su compa\u00f1ero del Real Madrid, <strong>Toni Kroos<\/strong>, en donde el alem\u00e1n asegur\u00f3 que\u00a0los <em>Dragones<\/em>\u00a0jugar\u00edan solo tres partidos en la <strong>Eurocopa<\/strong> que est\u00e1n disputando en Francia.<\/p>\n<p>La estrella galesa, quien ha destacado por liderar al equipo hasta las Semifinales en su debut en la <strong>Euro<\/strong>, confes\u00f3\u00a0que le gustar\u00eda enfrentarse a otro compa\u00f1ero del Real Madrid en el torneo y que mejor que en la Final, a la que si quiere llegar primero deber\u00e1 vencer a Cristiano Ronaldo.<\/p>\n<p style=\"text-align: center;\"><span style=\"color: #3366ff;\">LEER M\u00c1S:\u00a0<a style=\"color: #3366ff;\" href=\"http:\/\/www.futboltotal.com.mx\/2016\/07\/eurocopa-2016-cara-a-cara-cristiano-ronaldo-vs-gareth-bale\/\">Cristiano vs. Gareth, de socios a rivales<\/a><\/span><\/p>\n<p>&#8220;Recuerdo a <strong>Toni Kroos <\/strong>diciendo en broma que s\u00f3lo jugar\u00edamos tres partidos. Ser\u00e1 agradable reunirse con \u00e9l en la Final. Es una forma de re\u00edrnos. Obviamente hemos superado las expectativas de la gente. Lo sabemos y estamos disfrutando por ello&#8221;,\u00a0dijo <strong>Bale<\/strong> entre risas.<\/p>\n<blockquote class=\"twitter-tweet\" data-lang=\"es\">\n<p dir=\"ltr\" lang=\"en\">Not afraid to dream <a href=\"https:\/\/twitter.com\/hashtag\/togetherstronger?src=hash\">#togetherstronger<\/a>  <a href=\"https:\/\/t.co\/o8a1e8qE0l\">pic.twitter.com\/o8a1e8qE0l<\/a><\/p>\n<p>\u2014 Gareth Bale (@GarethBale11) <a href=\"https:\/\/twitter.com\/GarethBale11\/status\/750351093369020416\">5 de julio de 2016<\/a><\/p><\/blockquote>\n<p><script src=\"\/\/platform.twitter.com\/widgets.js\" async=\"\" charset=\"utf-8\"><\/script><\/p>\n","protected":false},"excerpt":{"rendered":"<p>El gal\u00e9s espera poder encontrarse con Kroos en la Final<\/p>\n","protected":false},"author":20,"featured_media":408630,"comment_status":"closed","ping_status":"closed","sticky":false,"template":"","format":"standard","meta":[],"categories":[6995,3839,6999,5951],"tags":[1899,6043],"_links":{"self":[{"href":"http:\/\/desarrollo.grupomedios.com\/futbol\/wp-json\/wp\/v2\/posts\/408622"}],"collection":[{"href":"http:\/\/desarrollo.grupomedios.com\/futbol\/wp-json\/wp\/v2\/posts"}],"about":[{"href":"http:\/\/desarrollo.grupomedios.com\/futbol\/wp-json\/wp\/v2\/types\/post"}],"author":[{"embeddable":true,"href":"http:\/\/desarrollo.grupomedios.com\/futbol\/wp-json\/wp\/v2\/users\/20"}],"replies":[{"embeddable":true,"href":"http:\/\/desarrollo.grupomedios.com\/futbol\/wp-json\/wp\/v2\/comments?post=408622"}],"version-history":[{"count":0,"href":"http:\/\/desarrollo.grupomedios.com\/futbol\/wp-json\/wp\/v2\/posts\/408622\/revisions"}],"wp:featuredmedia":[{"embeddable":true,"href":"http:\/\/desarrollo.grupomedios.com\/futbol\/wp-json\/wp\/v2\/media\/408630"}],"wp:attachment":[{"href":"http:\/\/desarrollo.grupomedios.com\/futbol\/wp-json\/wp\/v2\/media?parent=408622"}],"wp:term":[{"taxonomy":"category","embeddable":true,"href":"http:\/\/desarrollo.grupomedios.com\/futbol\/wp-json\/wp\/v2\/categories?post=408622"},{"taxonomy":"post_tag","embeddable":true,"href":"http:\/\/desarrollo.grupomedios.com\/futbol\/wp-json\/wp\/v2\/tags?post=408622"}],"curies":[{"name":"wp","href":"https:\/\/api.w.org\/{rel}","templated":true}]}}