{"id":408631,"date":"2016-07-05T16:46:42","date_gmt":"2016-07-05T21:46:42","guid":{"rendered":"http:\/\/www.futboltotal.com.mx\/?p=408631"},"modified":"2016-07-05T17:19:03","modified_gmt":"2016-07-05T22:19:03","slug":"chivas-tv-inicia-casting-9-julio","status":"publish","type":"post","link":"http:\/\/desarrollo.grupomedios.com\/futbol\/destacado-home\/chivas-tv-inicia-casting-9-julio\/2016\/07","title":{"rendered":"\u00a1Chivas TV inicia b\u00fasqueda de comentaristas!"},"content":{"rendered":"<p>A trav\u00e9s de su cuenta de Twitter, <a href=\"http:\/\/www.futboltotal.com.mx\/equipos\/guadalajara\/\" target=\"_blank\"><strong>Chivas<\/strong><\/a> dio a conocer las fechas del primer casting para los comentaristas de los encuentros del Guadalajara, a trav\u00e9s de su nueva plataforma; donde sobresale, que no s\u00f3lo buscan narradores, sino tambi\u00e9n puestos para acompa\u00f1ar a su voz principal.<\/p>\n<p>Las primeras fechas del casting de <strong>Chivas TV<\/strong>, comenzar\u00e1n el 9 y 10 de julio, la sede es el estadio del Guadalajara, y pr\u00f3ximamente, se har\u00e1n tambi\u00e9n pruebas en la Ciudad de M\u00e9xico y Tijuana. Para participar, el club <em>rojiblanco<\/em> coloc\u00f3 una p\u00e1gina de registros, donde los aspirantes a ser la voz rojiblanca, podr\u00e1n inscribirse para las vacantes que ofrece la instituci\u00f3n.<\/p>\n<p style=\"text-align: center;\"><span style=\"color: #3366ff;\"><a style=\"color: #3366ff;\" href=\"http:\/\/www.futboltotal.com.mx\/2016\/07\/chivas-tv-tendra-30-narradores\/\" target=\"_blank\"><strong>LEER M\u00c1S: Seleccionar\u00edan hasta 30 narradores en Chivas TV<\/strong><\/a><\/span><\/p>\n<blockquote class=\"twitter-tweet\" data-lang=\"es\">\n<p dir=\"ltr\" lang=\"es\">Demuestra que tu voz puede hacer vibrar a millones de ChivaHermanos. \u00a1Reg\u00edstrate! <a href=\"https:\/\/t.co\/onXG9e8HYv\">https:\/\/t.co\/onXG9e8HYv<\/a> <a href=\"https:\/\/t.co\/dz7Scilj9L\">pic.twitter.com\/dz7Scilj9L<\/a><\/p>\n<p>\u2014 CHIVAS (@Chivas) <a href=\"https:\/\/twitter.com\/Chivas\/status\/750407972073775104\">5 de julio de 2016<\/a><\/p><\/blockquote>\n<p><script src=\"\/\/platform.twitter.com\/widgets.js\" async=\"\" charset=\"utf-8\"><\/script><\/p>\n<p><strong>Chivas TV<\/strong> dividir\u00e1 su casting para todos los aspirantes que deseen participar en el proyecto, y que no necesariamente quieran ser narradores. Narrador, analista y reportero de cancha, son las posibilidades de los que quieran participar.<\/p>\n<p><a href=\"http:\/\/www.futboltotal.com.mx\/wp-content\/uploads\/2016\/07\/registro-chivas-tv.jpg\"><img decoding=\"async\" loading=\"lazy\" class=\"alignnone size-full wp-image-408635\" src=\"http:\/\/www.futboltotal.com.mx\/wp-content\/uploads\/2016\/07\/registro-chivas-tv.jpg\" alt=\"registro-chivas-tv\" srcset=\"http:\/\/desarrollo.grupomedios.com\/futbol\/wp-content\/uploads\/2016\/07\/registro-chivas-tv.jpg 858w, http:\/\/desarrollo.grupomedios.com\/futbol\/wp-content\/uploads\/2016\/07\/registro-chivas-tv-300x151.jpg 300w, http:\/\/desarrollo.grupomedios.com\/futbol\/wp-content\/uploads\/2016\/07\/registro-chivas-tv-768x386.jpg 768w, http:\/\/desarrollo.grupomedios.com\/futbol\/wp-content\/uploads\/2016\/07\/registro-chivas-tv-340x171.jpg 340w\" sizes=\"(max-width: 858px) 100vw, 858px\" \/><\/a><\/p>\n<p><span style=\"color: #ff0000;\">VIDEO: Las peores fallas de la historia del futbol<\/span><\/p>\n<p>[video_player]https:\/\/player.vimeo.com\/external\/173401624.hd.mp4?s=8ff0e2b008698c900b93c8a19d5de2da6b9503f8&amp;profile_id=174[\/video_player]<\/p>\n","protected":false},"excerpt":{"rendered":"<p>El 9 y 10 de julio, los primeros d\u00edas de casting<\/p>\n","protected":false},"author":20,"featured_media":408634,"comment_status":"closed","ping_status":"closed","sticky":false,"template":"","format":"standard","meta":[],"categories":[5419,5,2198,3845],"tags":[5460,7110],"_links":{"self":[{"href":"http:\/\/desarrollo.grupomedios.com\/futbol\/wp-json\/wp\/v2\/posts\/408631"}],"collection":[{"href":"http:\/\/desarrollo.grupomedios.com\/futbol\/wp-json\/wp\/v2\/posts"}],"about":[{"href":"http:\/\/desarrollo.grupomedios.com\/futbol\/wp-json\/wp\/v2\/types\/post"}],"author":[{"embeddable":true,"href":"http:\/\/desarrollo.grupomedios.com\/futbol\/wp-json\/wp\/v2\/users\/20"}],"replies":[{"embeddable":true,"href":"http:\/\/desarrollo.grupomedios.com\/futbol\/wp-json\/wp\/v2\/comments?post=408631"}],"version-history":[{"count":0,"href":"http:\/\/desarrollo.grupomedios.com\/futbol\/wp-json\/wp\/v2\/posts\/408631\/revisions"}],"wp:featuredmedia":[{"embeddable":true,"href":"http:\/\/desarrollo.grupomedios.com\/futbol\/wp-json\/wp\/v2\/media\/408634"}],"wp:attachment":[{"href":"http:\/\/desarrollo.grupomedios.com\/futbol\/wp-json\/wp\/v2\/media?parent=408631"}],"wp:term":[{"taxonomy":"category","embeddable":true,"href":"http:\/\/desarrollo.grupomedios.com\/futbol\/wp-json\/wp\/v2\/categories?post=408631"},{"taxonomy":"post_tag","embeddable":true,"href":"http:\/\/desarrollo.grupomedios.com\/futbol\/wp-json\/wp\/v2\/tags?post=408631"}],"curies":[{"name":"wp","href":"https:\/\/api.w.org\/{rel}","templated":true}]}}