{"id":408640,"date":"2016-07-05T17:08:54","date_gmt":"2016-07-05T22:08:54","guid":{"rendered":"http:\/\/www.futboltotal.com.mx\/?p=408640"},"modified":"2016-07-05T17:35:02","modified_gmt":"2016-07-05T22:35:02","slug":"fmf-nunca-solicito-a-guardado-psv","status":"publish","type":"post","link":"http:\/\/desarrollo.grupomedios.com\/futbol\/futbol-mexicano\/fmf-nunca-solicito-a-guardado-psv\/2016\/07","title":{"rendered":"\u201cFMF nunca solicit\u00f3 a Guardado\u201d: PSV"},"content":{"rendered":"<p>El <strong>Tri Ol\u00edmpico<\/strong> que participar\u00e1 en R\u00edo 2016<a href=\"http:\/\/www.futboltotal.com.mx\/2016\/07\/oficial-oribe-peralta-refuerzo-del-tri-olimpico\/\" target=\"_blank\"> ya tiene a Oribe Peralta y Alfredo Talavera como refuerzos<\/a>, pero el t\u00e9cnico Ra\u00fal Guti\u00e9rrez se encuentra en la dificultad de definir al tercero. En ese contexto, trasciende que el\u00a0<strong>PSV<\/strong> no lo ceder\u00e1 a\u00a0<strong>Andr\u00e9s Guardado<\/strong>, uno de los candidatos que contemplaba\u00a0el <em>Potro<\/em>, pues la Federaci\u00f3n Mexicana de Futbol (FMF) nunca solicit\u00f3 al mediocampista de forma oficial.<\/p>\n<p>&#8220;Los Juegos Ol\u00edmpicos se llevar\u00e1n a cabo durante la liga holandesa, es por eso que se le dijo a <strong>Andr\u00e9s Guardado<\/strong> que no puede ir. La FMF respeta nuestro punto de vista y nunca present\u00f3 una solicitud oficial para pedir permiso de seleccionarlo&#8221;, explic\u00f3 el gerente de medios de los <em>Granjeros<\/em>, Thijs Slegers, en entrevista con <em>La Afici\u00f3n<\/em>.<\/p>\n<blockquote class=\"twitter-tweet\" data-lang=\"es\">\n<p dir=\"ltr\" lang=\"es\"><a href=\"https:\/\/twitter.com\/hashtag\/Sub23?src=hash\">#Sub23<\/a> \u00a1Revive <a href=\"https:\/\/twitter.com\/hashtag\/LoQueNoSeVio?src=hash\">#LoQueNoSeVio<\/a> de nuestro duelo ante <a href=\"https:\/\/twitter.com\/NGSuperEagles\">@NGSuperEagles<\/a> en <a href=\"https:\/\/twitter.com\/hashtag\/Aguascalientes?src=hash\">#Aguascalientes<\/a>!<a href=\"https:\/\/t.co\/D7cGnikNwe\">https:\/\/t.co\/D7cGnikNwe<\/a><\/p>\n<p>\u2014 Selecci\u00f3n Nacional (@miseleccionmx) <a href=\"https:\/\/twitter.com\/miseleccionmx\/status\/750170528904671232\">5 de julio de 2016<\/a><\/p><\/blockquote>\n<p><script src=\"\/\/platform.twitter.com\/widgets.js\" async=\"\" charset=\"utf-8\"><\/script><\/p>\n<p>En ese sentido, el dirigente explic\u00f3 que de todos modos, <strong>PSV<\/strong> contemplaba al <em>Principito<\/em> para la pretemporada y por eso reportar\u00e1 el 9 de julio con el equipo, junto con H\u00e9ctor Moreno.<\/p>\n<p>De esta forma, <em>Potro<\/em> Guti\u00e9rrez deber\u00e1 definir al tercer refuerzo para los Juegos Ol\u00edmpicos, siendo Jorge Torres Nilo quien se decanta como la opci\u00f3n m\u00e1s fuerte hasta el momento.<\/p>\n<p><span style=\"color: #ff0000;\"><strong>VIDEO<\/strong>: Las mejores aficiones de la Eurocopa<\/span><\/p>\n<p>[video_player]https:\/\/player.vimeo.com\/external\/173499566.sd.mp4?s=e7f52fb3429dac9c2cd9f4bfb6168e261587a07b&amp;profile_id=165[\/video_player]<\/p>\n","protected":false},"excerpt":{"rendered":"<p>El Tri Ol\u00edmpico a\u00fan busca a su tercer refuerzo<\/p>\n","protected":false},"author":20,"featured_media":408641,"comment_status":"closed","ping_status":"closed","sticky":false,"template":"","format":"standard","meta":[],"categories":[2198,3847,5950],"tags":[6046,5979],"_links":{"self":[{"href":"http:\/\/desarrollo.grupomedios.com\/futbol\/wp-json\/wp\/v2\/posts\/408640"}],"collection":[{"href":"http:\/\/desarrollo.grupomedios.com\/futbol\/wp-json\/wp\/v2\/posts"}],"about":[{"href":"http:\/\/desarrollo.grupomedios.com\/futbol\/wp-json\/wp\/v2\/types\/post"}],"author":[{"embeddable":true,"href":"http:\/\/desarrollo.grupomedios.com\/futbol\/wp-json\/wp\/v2\/users\/20"}],"replies":[{"embeddable":true,"href":"http:\/\/desarrollo.grupomedios.com\/futbol\/wp-json\/wp\/v2\/comments?post=408640"}],"version-history":[{"count":0,"href":"http:\/\/desarrollo.grupomedios.com\/futbol\/wp-json\/wp\/v2\/posts\/408640\/revisions"}],"wp:featuredmedia":[{"embeddable":true,"href":"http:\/\/desarrollo.grupomedios.com\/futbol\/wp-json\/wp\/v2\/media\/408641"}],"wp:attachment":[{"href":"http:\/\/desarrollo.grupomedios.com\/futbol\/wp-json\/wp\/v2\/media?parent=408640"}],"wp:term":[{"taxonomy":"category","embeddable":true,"href":"http:\/\/desarrollo.grupomedios.com\/futbol\/wp-json\/wp\/v2\/categories?post=408640"},{"taxonomy":"post_tag","embeddable":true,"href":"http:\/\/desarrollo.grupomedios.com\/futbol\/wp-json\/wp\/v2\/tags?post=408640"}],"curies":[{"name":"wp","href":"https:\/\/api.w.org\/{rel}","templated":true}]}}